{"id":2302,"date":"2025-06-12T14:44:01","date_gmt":"2025-06-12T13:44:01","guid":{"rendered":"https:\/\/www.lovelldeco.fr\/bl\/?p=2302"},"modified":"2025-06-12T14:44:01","modified_gmt":"2025-06-12T13:44:01","slug":"toulouse-seysses-transformer-pour-mieux-vendre-du-home-staging-sur-mesure","status":"publish","type":"post","link":"https:\/\/www.lovelldeco.fr\/bl\/2025\/06\/12\/toulouse-seysses-transformer-pour-mieux-vendre-du-home-staging-sur-mesure\/","title":{"rendered":"Toulouse -Seysses Transformer pour mieux vendre-Du home staging sur-mesure"},"content":{"rendered":"<p>\u00c0\u00a0Toulouse \u00a0Seysses , j\u2019ai r\u00e9cemment r\u00e9alis\u00e9 un projet<a href=\"https:\/\/www.lovelldeco.fr\"> d\u2019architecture d\u2019int\u00e9rieur et de d\u00e9coration<\/a> un peu particulier. Il s\u2019agissait avant tout d\u2019un projet de home staging puisque ma cliente souhaitait vendre d&rsquo;ici 3 ans une maison qu&rsquo;elle venait d&rsquo;acheter.L\u2019objectif : valoriser la maison, cr\u00e9er un vrai coup de c\u0153ur immobilier, tout en respectant un budget ma\u00eetris\u00e9<\/p>\n<h3 data-start=\"573\" data-end=\"625\">Miser sur l\u2019essentiel pour s\u00e9duire les acheteurs<\/h3>\n<p data-start=\"627\" data-end=\"818\">Dans le cadre d\u2019un <a href=\"https:\/\/www.lovelldeco.fr\">home staging<\/a> \u00e0 Toulouse, chaque d\u00e9tail compte pour attirer l\u2019attention des futurs acqu\u00e9reurs. Nous avons fait le choix de mat\u00e9riaux esth\u00e9tiques, durables et \u00e9conomiques :<\/p>\n<ul>\n<li data-start=\"819\" data-end=\"878\">\n<p data-start=\"821\" data-end=\"878\">sols imitation bois, chaleureux et faciles d\u2019entretien,<\/p>\n<\/li>\n<li data-start=\"879\" data-end=\"1000\">\n<p data-start=\"881\" data-end=\"1000\">peintures neutres et lumineuses, qui agrandissent visuellement les volumes et facilitent la projection des visiteurs,<\/p>\n<\/li>\n<li data-start=\"1001\" data-end=\"1085\">\n<p data-start=\"1003\" data-end=\"1085\">et des am\u00e9nagements sobres mais soign\u00e9s pour une ambiance accueillante et moderne.<\/p>\n<\/li>\n<li data-start=\"1001\" data-end=\"1085\">\n<div id=\"attachment_2303\" style=\"width: 2570px\" class=\"wp-caption aligncenter\"><img loading=\"lazy\" decoding=\"async\" aria-describedby=\"caption-attachment-2303\" class=\"wp-image-2303 size-full\" src=\"https:\/\/www.lovelldeco.fr\/bl\/wp-content\/uploads\/2025\/06\/IMG_5009-2-scaled.jpg\" alt=\"\" width=\"2560\" height=\"1920\" srcset=\"https:\/\/www.lovelldeco.fr\/bl\/wp-content\/uploads\/2025\/06\/IMG_5009-2-scaled.jpg 2560w, https:\/\/www.lovelldeco.fr\/bl\/wp-content\/uploads\/2025\/06\/IMG_5009-2-300x225.jpg 300w, https:\/\/www.lovelldeco.fr\/bl\/wp-content\/uploads\/2025\/06\/IMG_5009-2-1024x768.jpg 1024w, https:\/\/www.lovelldeco.fr\/bl\/wp-content\/uploads\/2025\/06\/IMG_5009-2-768x576.jpg 768w, https:\/\/www.lovelldeco.fr\/bl\/wp-content\/uploads\/2025\/06\/IMG_5009-2-1536x1152.jpg 1536w, https:\/\/www.lovelldeco.fr\/bl\/wp-content\/uploads\/2025\/06\/IMG_5009-2-2048x1536.jpg 2048w, https:\/\/www.lovelldeco.fr\/bl\/wp-content\/uploads\/2025\/06\/IMG_5009-2-624x468.jpg 624w\" sizes=\"auto, (max-width: 2560px) 100vw, 2560px\" \/><p id=\"caption-attachment-2303\" class=\"wp-caption-text\">l&rsquo;entr\u00e9e avant<\/p><\/div>\n<p><div id=\"attachment_2304\" style=\"width: 2103px\" class=\"wp-caption aligncenter\"><img loading=\"lazy\" decoding=\"async\" aria-describedby=\"caption-attachment-2304\" class=\"wp-image-2304 size-full\" src=\"https:\/\/www.lovelldeco.fr\/bl\/wp-content\/uploads\/2025\/06\/entree-ap.png\" alt=\"\" width=\"2093\" height=\"1177\" srcset=\"https:\/\/www.lovelldeco.fr\/bl\/wp-content\/uploads\/2025\/06\/entree-ap.png 2093w, https:\/\/www.lovelldeco.fr\/bl\/wp-content\/uploads\/2025\/06\/entree-ap-300x169.png 300w, https:\/\/www.lovelldeco.fr\/bl\/wp-content\/uploads\/2025\/06\/entree-ap-1024x576.png 1024w, https:\/\/www.lovelldeco.fr\/bl\/wp-content\/uploads\/2025\/06\/entree-ap-768x432.png 768w, https:\/\/www.lovelldeco.fr\/bl\/wp-content\/uploads\/2025\/06\/entree-ap-1536x864.png 1536w, https:\/\/www.lovelldeco.fr\/bl\/wp-content\/uploads\/2025\/06\/entree-ap-2048x1152.png 2048w, https:\/\/www.lovelldeco.fr\/bl\/wp-content\/uploads\/2025\/06\/entree-ap-624x351.png 624w\" sizes=\"auto, (max-width: 2093px) 100vw, 2093px\" \/><p id=\"caption-attachment-2304\" class=\"wp-caption-text\">Le projet 3D &#8211; L&rsquo;ancienne ouverture du salon remplac\u00e9e par un claustra<\/p><\/div><\/li>\n<li data-start=\"1001\" data-end=\"1085\">\n<h3 data-start=\"1087\" data-end=\"1130\">Repenser l\u2019agencement pour mieux vendre- Un salon plus grand sans casser les murs porteurs.<\/h3>\n<\/li>\n<li data-start=\"1001\" data-end=\"1085\">\n<p><div id=\"attachment_2305\" style=\"width: 2103px\" class=\"wp-caption aligncenter\"><img loading=\"lazy\" decoding=\"async\" aria-describedby=\"caption-attachment-2305\" class=\"wp-image-2305 size-full\" src=\"https:\/\/www.lovelldeco.fr\/bl\/wp-content\/uploads\/2025\/06\/plan-etat-de-lieux.png\" alt=\"\" width=\"2093\" height=\"1456\" srcset=\"https:\/\/www.lovelldeco.fr\/bl\/wp-content\/uploads\/2025\/06\/plan-etat-de-lieux.png 2093w, https:\/\/www.lovelldeco.fr\/bl\/wp-content\/uploads\/2025\/06\/plan-etat-de-lieux-300x209.png 300w, https:\/\/www.lovelldeco.fr\/bl\/wp-content\/uploads\/2025\/06\/plan-etat-de-lieux-1024x712.png 1024w, https:\/\/www.lovelldeco.fr\/bl\/wp-content\/uploads\/2025\/06\/plan-etat-de-lieux-768x534.png 768w, https:\/\/www.lovelldeco.fr\/bl\/wp-content\/uploads\/2025\/06\/plan-etat-de-lieux-1536x1069.png 1536w, https:\/\/www.lovelldeco.fr\/bl\/wp-content\/uploads\/2025\/06\/plan-etat-de-lieux-2048x1425.png 2048w, https:\/\/www.lovelldeco.fr\/bl\/wp-content\/uploads\/2025\/06\/plan-etat-de-lieux-624x434.png 624w\" sizes=\"auto, (max-width: 2093px) 100vw, 2093px\" \/><p id=\"caption-attachment-2305\" class=\"wp-caption-text\">Plan d&rsquo;\u00e9tat des lieux<\/p><\/div><\/li>\n<li data-start=\"1001\" data-end=\"1085\">\n<p><div id=\"attachment_2306\" style=\"width: 2112px\" class=\"wp-caption aligncenter\"><img loading=\"lazy\" decoding=\"async\" aria-describedby=\"caption-attachment-2306\" class=\"wp-image-2306 size-full\" src=\"https:\/\/www.lovelldeco.fr\/bl\/wp-content\/uploads\/2025\/06\/ag-seysses.png\" alt=\"\" width=\"2102\" height=\"1322\" srcset=\"https:\/\/www.lovelldeco.fr\/bl\/wp-content\/uploads\/2025\/06\/ag-seysses.png 2102w, https:\/\/www.lovelldeco.fr\/bl\/wp-content\/uploads\/2025\/06\/ag-seysses-300x189.png 300w, https:\/\/www.lovelldeco.fr\/bl\/wp-content\/uploads\/2025\/06\/ag-seysses-1024x644.png 1024w, https:\/\/www.lovelldeco.fr\/bl\/wp-content\/uploads\/2025\/06\/ag-seysses-768x483.png 768w, https:\/\/www.lovelldeco.fr\/bl\/wp-content\/uploads\/2025\/06\/ag-seysses-1536x966.png 1536w, https:\/\/www.lovelldeco.fr\/bl\/wp-content\/uploads\/2025\/06\/ag-seysses-2048x1288.png 2048w, https:\/\/www.lovelldeco.fr\/bl\/wp-content\/uploads\/2025\/06\/ag-seysses-624x392.png 624w\" sizes=\"auto, (max-width: 2102px) 100vw, 2102px\" \/><p id=\"caption-attachment-2306\" class=\"wp-caption-text\">Projet d&rsquo;agencement<\/p><\/div><\/li>\n<\/ul>\n<h3 data-start=\"1087\" data-end=\"1130\"><\/h3>\n<p data-start=\"1132\" data-end=\"1397\">M\u00eame si la maison devait \u00eatre vendue assez rapidement, nous avons optimis\u00e9 les espaces pour qu\u2019ils soient aussi agr\u00e9ables \u00e0 vivre en attendant la vente. L\u2019agencement int\u00e9rieur \u00a0a \u00e9t\u00e9 repens\u00e9 et agrandit .pour maximiser la luminosit\u00e9, fluidifier la circulation et mettre en valeur chaque pi\u00e8ce :<\/p>\n<ul>\n<li style=\"list-style-type: none;\">\n<ul data-start=\"1398\" data-end=\"1561\">\n<li data-start=\"1398\" data-end=\"1421\">\n<p data-start=\"1400\" data-end=\"1421\">un salon convivial, agrandi<\/p>\n<\/li>\n<\/ul>\n<\/li>\n<\/ul>\n<p><img loading=\"lazy\" decoding=\"async\" class=\"size-full wp-image-2307 aligncenter\" src=\"https:\/\/www.lovelldeco.fr\/bl\/wp-content\/uploads\/2025\/06\/salon-avant.png\" alt=\"\" width=\"493\" height=\"370\" srcset=\"https:\/\/www.lovelldeco.fr\/bl\/wp-content\/uploads\/2025\/06\/salon-avant.png 493w, https:\/\/www.lovelldeco.fr\/bl\/wp-content\/uploads\/2025\/06\/salon-avant-300x225.png 300w\" sizes=\"auto, (max-width: 493px) 100vw, 493px\" \/><\/p>\n<p><img loading=\"lazy\" decoding=\"async\" class=\"size-full wp-image-2308 aligncenter\" src=\"https:\/\/www.lovelldeco.fr\/bl\/wp-content\/uploads\/2025\/06\/salon-ap.png\" alt=\"\" width=\"2102\" height=\"1181\" srcset=\"https:\/\/www.lovelldeco.fr\/bl\/wp-content\/uploads\/2025\/06\/salon-ap.png 2102w, https:\/\/www.lovelldeco.fr\/bl\/wp-content\/uploads\/2025\/06\/salon-ap-300x169.png 300w, https:\/\/www.lovelldeco.fr\/bl\/wp-content\/uploads\/2025\/06\/salon-ap-1024x575.png 1024w, https:\/\/www.lovelldeco.fr\/bl\/wp-content\/uploads\/2025\/06\/salon-ap-768x431.png 768w, https:\/\/www.lovelldeco.fr\/bl\/wp-content\/uploads\/2025\/06\/salon-ap-1536x863.png 1536w, https:\/\/www.lovelldeco.fr\/bl\/wp-content\/uploads\/2025\/06\/salon-ap-2048x1151.png 2048w, https:\/\/www.lovelldeco.fr\/bl\/wp-content\/uploads\/2025\/06\/salon-ap-624x351.png 624w\" sizes=\"auto, (max-width: 2102px) 100vw, 2102px\" \/><\/p>\n<ul>\n<li style=\"list-style-type: none;\">\n<ul data-start=\"1398\" data-end=\"1561\">\n<li data-start=\"1422\" data-end=\"1452\">\n<p data-start=\"1424\" data-end=\"1452\">une cuisine fonctionnelle, lumineuse et moderne<\/p>\n<\/li>\n<\/ul>\n<\/li>\n<\/ul>\n<p><img loading=\"lazy\" decoding=\"async\" class=\"size-full wp-image-2309 aligncenter\" src=\"https:\/\/www.lovelldeco.fr\/bl\/wp-content\/uploads\/2025\/06\/cuisine-av.png\" alt=\"\" width=\"504\" height=\"377\" srcset=\"https:\/\/www.lovelldeco.fr\/bl\/wp-content\/uploads\/2025\/06\/cuisine-av.png 504w, https:\/\/www.lovelldeco.fr\/bl\/wp-content\/uploads\/2025\/06\/cuisine-av-300x224.png 300w\" sizes=\"auto, (max-width: 504px) 100vw, 504px\" \/><\/p>\n<p><img loading=\"lazy\" decoding=\"async\" class=\"size-full wp-image-2310 aligncenter\" src=\"https:\/\/www.lovelldeco.fr\/bl\/wp-content\/uploads\/2025\/06\/cuisine-ap.png\" alt=\"\" width=\"2102\" height=\"1181\" srcset=\"https:\/\/www.lovelldeco.fr\/bl\/wp-content\/uploads\/2025\/06\/cuisine-ap.png 2102w, https:\/\/www.lovelldeco.fr\/bl\/wp-content\/uploads\/2025\/06\/cuisine-ap-300x169.png 300w, https:\/\/www.lovelldeco.fr\/bl\/wp-content\/uploads\/2025\/06\/cuisine-ap-1024x575.png 1024w, https:\/\/www.lovelldeco.fr\/bl\/wp-content\/uploads\/2025\/06\/cuisine-ap-768x431.png 768w, https:\/\/www.lovelldeco.fr\/bl\/wp-content\/uploads\/2025\/06\/cuisine-ap-1536x863.png 1536w, https:\/\/www.lovelldeco.fr\/bl\/wp-content\/uploads\/2025\/06\/cuisine-ap-2048x1151.png 2048w, https:\/\/www.lovelldeco.fr\/bl\/wp-content\/uploads\/2025\/06\/cuisine-ap-624x351.png 624w\" sizes=\"auto, (max-width: 2102px) 100vw, 2102px\" \/><\/p>\n<ul>\n<li style=\"list-style-type: none;\">\n<ul data-start=\"1398\" data-end=\"1561\">\n<li data-start=\"1453\" data-end=\"1481\">\n<p data-start=\"1455\" data-end=\"1481\">des chambres optimis\u00e9es,<\/p>\n<\/li>\n<\/ul>\n<\/li>\n<\/ul>\n<p><img loading=\"lazy\" decoding=\"async\" class=\"size-full wp-image-2311 aligncenter\" src=\"https:\/\/www.lovelldeco.fr\/bl\/wp-content\/uploads\/2025\/06\/ch-enfant.png\" alt=\"\" width=\"2102\" height=\"1181\" srcset=\"https:\/\/www.lovelldeco.fr\/bl\/wp-content\/uploads\/2025\/06\/ch-enfant.png 2102w, https:\/\/www.lovelldeco.fr\/bl\/wp-content\/uploads\/2025\/06\/ch-enfant-300x169.png 300w, https:\/\/www.lovelldeco.fr\/bl\/wp-content\/uploads\/2025\/06\/ch-enfant-1024x575.png 1024w, https:\/\/www.lovelldeco.fr\/bl\/wp-content\/uploads\/2025\/06\/ch-enfant-768x431.png 768w, https:\/\/www.lovelldeco.fr\/bl\/wp-content\/uploads\/2025\/06\/ch-enfant-1536x863.png 1536w, https:\/\/www.lovelldeco.fr\/bl\/wp-content\/uploads\/2025\/06\/ch-enfant-2048x1151.png 2048w, https:\/\/www.lovelldeco.fr\/bl\/wp-content\/uploads\/2025\/06\/ch-enfant-624x351.png 624w\" sizes=\"auto, (max-width: 2102px) 100vw, 2102px\" \/><\/p>\n<ul>\n<li style=\"list-style-type: none;\">\n<ul data-start=\"1398\" data-end=\"1561\">\n<li data-start=\"1482\" data-end=\"1561\">\n<p data-start=\"1484\" data-end=\"1561\">et une salle de bain modernis\u00e9e avec des mat\u00e9riaux contemporains accessibles.<\/p>\n<\/li>\n<\/ul>\n<\/li>\n<\/ul>\n<p><img loading=\"lazy\" decoding=\"async\" class=\"size-full wp-image-2312 aligncenter\" src=\"https:\/\/www.lovelldeco.fr\/bl\/wp-content\/uploads\/2025\/06\/sdbav.png\" alt=\"\" width=\"604\" height=\"452\" srcset=\"https:\/\/www.lovelldeco.fr\/bl\/wp-content\/uploads\/2025\/06\/sdbav.png 604w, https:\/\/www.lovelldeco.fr\/bl\/wp-content\/uploads\/2025\/06\/sdbav-300x225.png 300w\" sizes=\"auto, (max-width: 604px) 100vw, 604px\" \/><\/p>\n<ul>\n<li style=\"list-style-type: none;\">\n<ul data-start=\"1398\" data-end=\"1561\">\n<li data-start=\"1482\" data-end=\"1561\">\n<h3 data-start=\"1563\" data-end=\"1625\"><img loading=\"lazy\" decoding=\"async\" class=\"size-full wp-image-2313 aligncenter\" src=\"https:\/\/www.lovelldeco.fr\/bl\/wp-content\/uploads\/2025\/06\/salle-de-bainap.png\" alt=\"\" width=\"2104\" height=\"1185\" srcset=\"https:\/\/www.lovelldeco.fr\/bl\/wp-content\/uploads\/2025\/06\/salle-de-bainap.png 2104w, https:\/\/www.lovelldeco.fr\/bl\/wp-content\/uploads\/2025\/06\/salle-de-bainap-300x169.png 300w, https:\/\/www.lovelldeco.fr\/bl\/wp-content\/uploads\/2025\/06\/salle-de-bainap-1024x577.png 1024w, https:\/\/www.lovelldeco.fr\/bl\/wp-content\/uploads\/2025\/06\/salle-de-bainap-768x433.png 768w, https:\/\/www.lovelldeco.fr\/bl\/wp-content\/uploads\/2025\/06\/salle-de-bainap-1536x865.png 1536w, https:\/\/www.lovelldeco.fr\/bl\/wp-content\/uploads\/2025\/06\/salle-de-bainap-2048x1153.png 2048w, https:\/\/www.lovelldeco.fr\/bl\/wp-content\/uploads\/2025\/06\/salle-de-bainap-624x351.png 624w\" sizes=\"auto, (max-width: 2104px) 100vw, 2104px\" \/>Une d\u00e9coration chaleureuse pour d\u00e9clencher le coup de c\u0153ur<\/h3>\n<p data-start=\"1627\" data-end=\"1865\">Le home staging immobilier ne se limite pas \u00e0 la d\u00e9personnalisation. L\u2019id\u00e9e est de cr\u00e9er une ambiance chaleureuse et inspirante qui permettra aux visiteurs de se projeter. Nous avons ajout\u00e9 quelques \u00e9l\u00e9ments d\u00e9co soigneusement choisis :<\/p>\n<ul data-start=\"1866\" data-end=\"2053\">\n<li data-start=\"1866\" data-end=\"1888\">\n<p data-start=\"1868\" data-end=\"1888\">luminaires design,<\/p>\n<\/li>\n<li data-start=\"1889\" data-end=\"1919\">\n<p data-start=\"1891\" data-end=\"1919\">textiles doux et naturels,<\/p>\n<\/li>\n<li data-start=\"1920\" data-end=\"1968\">\n<p data-start=\"1922\" data-end=\"1968\">miroirs pour agrandir visuellement l\u2019espace,<\/p>\n<\/li>\n<li data-start=\"1920\" data-end=\"1968\">\n<p data-start=\"1922\" data-end=\"1968\">accessoires d\u00e9co qui donnent une vraie personnalit\u00e9 sans alourdir la pr\u00e9sentation<\/p>\n<\/li>\n<\/ul>\n<\/li>\n<\/ul>\n<\/li>\n<\/ul>\n<p data-start=\"1922\" data-end=\"1968\"><img loading=\"lazy\" decoding=\"async\" class=\"size-full wp-image-2314 aligncenter\" src=\"https:\/\/www.lovelldeco.fr\/bl\/wp-content\/uploads\/2025\/06\/ch2.png\" alt=\"\" width=\"2104\" height=\"1185\" srcset=\"https:\/\/www.lovelldeco.fr\/bl\/wp-content\/uploads\/2025\/06\/ch2.png 2104w, https:\/\/www.lovelldeco.fr\/bl\/wp-content\/uploads\/2025\/06\/ch2-300x169.png 300w, https:\/\/www.lovelldeco.fr\/bl\/wp-content\/uploads\/2025\/06\/ch2-1024x577.png 1024w, https:\/\/www.lovelldeco.fr\/bl\/wp-content\/uploads\/2025\/06\/ch2-768x433.png 768w, https:\/\/www.lovelldeco.fr\/bl\/wp-content\/uploads\/2025\/06\/ch2-1536x865.png 1536w, https:\/\/www.lovelldeco.fr\/bl\/wp-content\/uploads\/2025\/06\/ch2-2048x1153.png 2048w, https:\/\/www.lovelldeco.fr\/bl\/wp-content\/uploads\/2025\/06\/ch2-624x351.png 624w\" sizes=\"auto, (max-width: 2104px) 100vw, 2104px\" \/><\/p>\n<h3 data-start=\"2055\" data-end=\"2112\">Un investissement rentable pour mieux vendre son bien<\/h3>\n<p data-start=\"2114\" data-end=\"2353\">L\u2019un des principes cl\u00e9s du home staging efficace, c\u2019est de d\u00e9penser intelligemment pour un retour sur investissement rapide. Gr\u00e2ce \u00e0 des choix cibl\u00e9s, la maison a gagn\u00e9 en attractivit\u00e9 et en valeur per\u00e7ue, facilitant ainsi sa vente dans un futur proche.<\/p>\n<p data-start=\"2355\" data-end=\"2682\">Ce projet de <a href=\"https:\/\/www.lovelldeco.fr\">home staging<\/a> \u00e0 Toulouse \u00a0Seysses \u00a0est un parfait exemple de l\u2019efficacit\u00e9 d\u2019un accompagnement professionnel en architecture d\u2019int\u00e9rieur, d\u00e9coration et valorisation immobili\u00e8re. Avec des d\u00e9cisions pertinentes et un \u0153il expert, il est possible de transformer un bien pour ensuite \u00a0optimiser la vente, sans engager de gros travaux.<\/p>\n<p>&nbsp;<\/p>\n","protected":false},"excerpt":{"rendered":"<p>\u00c0\u00a0Toulouse \u00a0Seysses , j\u2019ai r\u00e9cemment r\u00e9alis\u00e9 un projet d\u2019architecture d\u2019int\u00e9rieur et de d\u00e9coration un peu particulier. Il s\u2019agissait avant tout d\u2019un projet de home staging puisque ma cliente souhaitait vendre d&rsquo;ici 3 ans une maison qu&rsquo;elle venait d&rsquo;acheter.L\u2019objectif : valoriser la maison, cr\u00e9er un vrai coup de c\u0153ur immobilier, tout en respectant un budget ma\u00eetris\u00e9 [&hellip;]<\/p>\n","protected":false},"author":1,"featured_media":0,"comment_status":"closed","ping_status":"closed","sticky":false,"template":"","format":"standard","meta":{"footnotes":""},"categories":[1],"tags":[],"class_list":["post-2302","post","type-post","status-publish","format-standard","hentry","category-non-classe"],"yoast_head":"<!-- This site is optimized with the Yoast SEO plugin v25.7 - https:\/\/yoast.com\/wordpress\/plugins\/seo\/ -->\n<title>Toulouse -Seysses Transformer pour mieux vendre-Du home staging sur-mesure - LOVELL D\u00e9co - Architecture d&#039;int\u00e9rieur et d\u00e9coration<\/title>\n<meta name=\"robots\" content=\"index, follow, max-snippet:-1, max-image-preview:large, max-video-preview:-1\" \/>\n<link rel=\"canonical\" href=\"https:\/\/www.lovelldeco.fr\/bl\/2025\/06\/12\/toulouse-seysses-transformer-pour-mieux-vendre-du-home-staging-sur-mesure\/\" \/>\n<meta property=\"og:locale\" content=\"fr_FR\" \/>\n<meta property=\"og:type\" content=\"article\" \/>\n<meta property=\"og:title\" content=\"Toulouse -Seysses Transformer pour mieux vendre-Du home staging sur-mesure - LOVELL D\u00e9co - Architecture d&#039;int\u00e9rieur et d\u00e9coration\" \/>\n<meta property=\"og:description\" content=\"\u00c0\u00a0Toulouse \u00a0Seysses , j\u2019ai r\u00e9cemment r\u00e9alis\u00e9 un projet d\u2019architecture d\u2019int\u00e9rieur et de d\u00e9coration un peu particulier. Il s\u2019agissait avant tout d\u2019un projet de home staging puisque ma cliente souhaitait vendre d&rsquo;ici 3 ans une maison qu&rsquo;elle venait d&rsquo;acheter.L\u2019objectif : valoriser la maison, cr\u00e9er un vrai coup de c\u0153ur immobilier, tout en respectant un budget ma\u00eetris\u00e9 [&hellip;]\" \/>\n<meta property=\"og:url\" content=\"https:\/\/www.lovelldeco.fr\/bl\/2025\/06\/12\/toulouse-seysses-transformer-pour-mieux-vendre-du-home-staging-sur-mesure\/\" \/>\n<meta property=\"og:site_name\" content=\"LOVELL D\u00e9co - Architecture d&#039;int\u00e9rieur et d\u00e9coration\" \/>\n<meta property=\"article:published_time\" content=\"2025-06-12T13:44:01+00:00\" \/>\n<meta property=\"og:image\" content=\"https:\/\/www.lovelldeco.fr\/bl\/wp-content\/uploads\/2025\/06\/IMG_5009-2-scaled.jpg\" \/>\n\t<meta property=\"og:image:width\" content=\"2560\" \/>\n\t<meta property=\"og:image:height\" content=\"1920\" \/>\n\t<meta property=\"og:image:type\" content=\"image\/jpeg\" \/>\n<meta name=\"author\" content=\"lovell patricia\" \/>\n<meta name=\"twitter:card\" content=\"summary_large_image\" \/>\n<meta name=\"twitter:label1\" content=\"\u00c9crit par\" \/>\n\t<meta name=\"twitter:data1\" content=\"lovell patricia\" \/>\n\t<meta name=\"twitter:label2\" content=\"Dur\u00e9e de lecture estim\u00e9e\" \/>\n\t<meta name=\"twitter:data2\" content=\"2 minutes\" \/>\n<script type=\"application\/ld+json\" class=\"yoast-schema-graph\">{\"@context\":\"https:\/\/schema.org\",\"@graph\":[{\"@type\":\"WebPage\",\"@id\":\"https:\/\/www.lovelldeco.fr\/bl\/2025\/06\/12\/toulouse-seysses-transformer-pour-mieux-vendre-du-home-staging-sur-mesure\/\",\"url\":\"https:\/\/www.lovelldeco.fr\/bl\/2025\/06\/12\/toulouse-seysses-transformer-pour-mieux-vendre-du-home-staging-sur-mesure\/\",\"name\":\"Toulouse -Seysses Transformer pour mieux vendre-Du home staging sur-mesure - LOVELL D\u00e9co - Architecture d&#039;int\u00e9rieur et d\u00e9coration\",\"isPartOf\":{\"@id\":\"https:\/\/www.lovelldeco.fr\/bl\/#website\"},\"primaryImageOfPage\":{\"@id\":\"https:\/\/www.lovelldeco.fr\/bl\/2025\/06\/12\/toulouse-seysses-transformer-pour-mieux-vendre-du-home-staging-sur-mesure\/#primaryimage\"},\"image\":{\"@id\":\"https:\/\/www.lovelldeco.fr\/bl\/2025\/06\/12\/toulouse-seysses-transformer-pour-mieux-vendre-du-home-staging-sur-mesure\/#primaryimage\"},\"thumbnailUrl\":\"https:\/\/www.lovelldeco.fr\/bl\/wp-content\/uploads\/2025\/06\/IMG_5009-2-scaled.jpg\",\"datePublished\":\"2025-06-12T13:44:01+00:00\",\"author\":{\"@id\":\"https:\/\/www.lovelldeco.fr\/bl\/#\/schema\/person\/39062999c940ea77282199682ae213f9\"},\"breadcrumb\":{\"@id\":\"https:\/\/www.lovelldeco.fr\/bl\/2025\/06\/12\/toulouse-seysses-transformer-pour-mieux-vendre-du-home-staging-sur-mesure\/#breadcrumb\"},\"inLanguage\":\"fr-FR\",\"potentialAction\":[{\"@type\":\"ReadAction\",\"target\":[\"https:\/\/www.lovelldeco.fr\/bl\/2025\/06\/12\/toulouse-seysses-transformer-pour-mieux-vendre-du-home-staging-sur-mesure\/\"]}]},{\"@type\":\"ImageObject\",\"inLanguage\":\"fr-FR\",\"@id\":\"https:\/\/www.lovelldeco.fr\/bl\/2025\/06\/12\/toulouse-seysses-transformer-pour-mieux-vendre-du-home-staging-sur-mesure\/#primaryimage\",\"url\":\"https:\/\/www.lovelldeco.fr\/bl\/wp-content\/uploads\/2025\/06\/IMG_5009-2-scaled.jpg\",\"contentUrl\":\"https:\/\/www.lovelldeco.fr\/bl\/wp-content\/uploads\/2025\/06\/IMG_5009-2-scaled.jpg\",\"width\":2560,\"height\":1920},{\"@type\":\"BreadcrumbList\",\"@id\":\"https:\/\/www.lovelldeco.fr\/bl\/2025\/06\/12\/toulouse-seysses-transformer-pour-mieux-vendre-du-home-staging-sur-mesure\/#breadcrumb\",\"itemListElement\":[{\"@type\":\"ListItem\",\"position\":1,\"name\":\"Accueil\",\"item\":\"https:\/\/www.lovelldeco.fr\/bl\/\"},{\"@type\":\"ListItem\",\"position\":2,\"name\":\"Toulouse -Seysses Transformer pour mieux vendre-Du home staging sur-mesure\"}]},{\"@type\":\"WebSite\",\"@id\":\"https:\/\/www.lovelldeco.fr\/bl\/#website\",\"url\":\"https:\/\/www.lovelldeco.fr\/bl\/\",\"name\":\"LOVELL D\u00e9co - Architecture d&#039;int\u00e9rieur et d\u00e9coration\",\"description\":\"R\u00e9inventons votre int\u00e9rieur\",\"potentialAction\":[{\"@type\":\"SearchAction\",\"target\":{\"@type\":\"EntryPoint\",\"urlTemplate\":\"https:\/\/www.lovelldeco.fr\/bl\/?s={search_term_string}\"},\"query-input\":{\"@type\":\"PropertyValueSpecification\",\"valueRequired\":true,\"valueName\":\"search_term_string\"}}],\"inLanguage\":\"fr-FR\"},{\"@type\":\"Person\",\"@id\":\"https:\/\/www.lovelldeco.fr\/bl\/#\/schema\/person\/39062999c940ea77282199682ae213f9\",\"name\":\"lovell patricia\",\"image\":{\"@type\":\"ImageObject\",\"inLanguage\":\"fr-FR\",\"@id\":\"https:\/\/www.lovelldeco.fr\/bl\/#\/schema\/person\/image\/\",\"url\":\"https:\/\/secure.gravatar.com\/avatar\/8e4d260d910b5ea661282a3e535989037309b9eae7dddd11417f2c72f96a2364?s=96&d=mm&r=g\",\"contentUrl\":\"https:\/\/secure.gravatar.com\/avatar\/8e4d260d910b5ea661282a3e535989037309b9eae7dddd11417f2c72f96a2364?s=96&d=mm&r=g\",\"caption\":\"lovell patricia\"},\"description\":\"Patricia Lovell vous pr\u00e9sente ses prestations de d\u00e9coration et de home staging par le biais du site www.lovelldeco.fr. lovell patricia\",\"sameAs\":[\"http:\/\/www.lovelldeco.fr\/\"],\"url\":\"https:\/\/www.lovelldeco.fr\/bl\/author\/patyvell\/\"}]}<\/script>\n<!-- \/ Yoast SEO plugin. -->","yoast_head_json":{"title":"Toulouse -Seysses Transformer pour mieux vendre-Du home staging sur-mesure - LOVELL D\u00e9co - Architecture d&#039;int\u00e9rieur et d\u00e9coration","robots":{"index":"index","follow":"follow","max-snippet":"max-snippet:-1","max-image-preview":"max-image-preview:large","max-video-preview":"max-video-preview:-1"},"canonical":"https:\/\/www.lovelldeco.fr\/bl\/2025\/06\/12\/toulouse-seysses-transformer-pour-mieux-vendre-du-home-staging-sur-mesure\/","og_locale":"fr_FR","og_type":"article","og_title":"Toulouse -Seysses Transformer pour mieux vendre-Du home staging sur-mesure - LOVELL D\u00e9co - Architecture d&#039;int\u00e9rieur et d\u00e9coration","og_description":"\u00c0\u00a0Toulouse \u00a0Seysses , j\u2019ai r\u00e9cemment r\u00e9alis\u00e9 un projet d\u2019architecture d\u2019int\u00e9rieur et de d\u00e9coration un peu particulier. Il s\u2019agissait avant tout d\u2019un projet de home staging puisque ma cliente souhaitait vendre d&rsquo;ici 3 ans une maison qu&rsquo;elle venait d&rsquo;acheter.L\u2019objectif : valoriser la maison, cr\u00e9er un vrai coup de c\u0153ur immobilier, tout en respectant un budget ma\u00eetris\u00e9 [&hellip;]","og_url":"https:\/\/www.lovelldeco.fr\/bl\/2025\/06\/12\/toulouse-seysses-transformer-pour-mieux-vendre-du-home-staging-sur-mesure\/","og_site_name":"LOVELL D\u00e9co - Architecture d&#039;int\u00e9rieur et d\u00e9coration","article_published_time":"2025-06-12T13:44:01+00:00","og_image":[{"width":2560,"height":1920,"url":"https:\/\/www.lovelldeco.fr\/bl\/wp-content\/uploads\/2025\/06\/IMG_5009-2-scaled.jpg","type":"image\/jpeg"}],"author":"lovell patricia","twitter_card":"summary_large_image","twitter_misc":{"\u00c9crit par":"lovell patricia","Dur\u00e9e de lecture estim\u00e9e":"2 minutes"},"schema":{"@context":"https:\/\/schema.org","@graph":[{"@type":"WebPage","@id":"https:\/\/www.lovelldeco.fr\/bl\/2025\/06\/12\/toulouse-seysses-transformer-pour-mieux-vendre-du-home-staging-sur-mesure\/","url":"https:\/\/www.lovelldeco.fr\/bl\/2025\/06\/12\/toulouse-seysses-transformer-pour-mieux-vendre-du-home-staging-sur-mesure\/","name":"Toulouse -Seysses Transformer pour mieux vendre-Du home staging sur-mesure - LOVELL D\u00e9co - Architecture d&#039;int\u00e9rieur et d\u00e9coration","isPartOf":{"@id":"https:\/\/www.lovelldeco.fr\/bl\/#website"},"primaryImageOfPage":{"@id":"https:\/\/www.lovelldeco.fr\/bl\/2025\/06\/12\/toulouse-seysses-transformer-pour-mieux-vendre-du-home-staging-sur-mesure\/#primaryimage"},"image":{"@id":"https:\/\/www.lovelldeco.fr\/bl\/2025\/06\/12\/toulouse-seysses-transformer-pour-mieux-vendre-du-home-staging-sur-mesure\/#primaryimage"},"thumbnailUrl":"https:\/\/www.lovelldeco.fr\/bl\/wp-content\/uploads\/2025\/06\/IMG_5009-2-scaled.jpg","datePublished":"2025-06-12T13:44:01+00:00","author":{"@id":"https:\/\/www.lovelldeco.fr\/bl\/#\/schema\/person\/39062999c940ea77282199682ae213f9"},"breadcrumb":{"@id":"https:\/\/www.lovelldeco.fr\/bl\/2025\/06\/12\/toulouse-seysses-transformer-pour-mieux-vendre-du-home-staging-sur-mesure\/#breadcrumb"},"inLanguage":"fr-FR","potentialAction":[{"@type":"ReadAction","target":["https:\/\/www.lovelldeco.fr\/bl\/2025\/06\/12\/toulouse-seysses-transformer-pour-mieux-vendre-du-home-staging-sur-mesure\/"]}]},{"@type":"ImageObject","inLanguage":"fr-FR","@id":"https:\/\/www.lovelldeco.fr\/bl\/2025\/06\/12\/toulouse-seysses-transformer-pour-mieux-vendre-du-home-staging-sur-mesure\/#primaryimage","url":"https:\/\/www.lovelldeco.fr\/bl\/wp-content\/uploads\/2025\/06\/IMG_5009-2-scaled.jpg","contentUrl":"https:\/\/www.lovelldeco.fr\/bl\/wp-content\/uploads\/2025\/06\/IMG_5009-2-scaled.jpg","width":2560,"height":1920},{"@type":"BreadcrumbList","@id":"https:\/\/www.lovelldeco.fr\/bl\/2025\/06\/12\/toulouse-seysses-transformer-pour-mieux-vendre-du-home-staging-sur-mesure\/#breadcrumb","itemListElement":[{"@type":"ListItem","position":1,"name":"Accueil","item":"https:\/\/www.lovelldeco.fr\/bl\/"},{"@type":"ListItem","position":2,"name":"Toulouse -Seysses Transformer pour mieux vendre-Du home staging sur-mesure"}]},{"@type":"WebSite","@id":"https:\/\/www.lovelldeco.fr\/bl\/#website","url":"https:\/\/www.lovelldeco.fr\/bl\/","name":"LOVELL D\u00e9co - Architecture d&#039;int\u00e9rieur et d\u00e9coration","description":"R\u00e9inventons votre int\u00e9rieur","potentialAction":[{"@type":"SearchAction","target":{"@type":"EntryPoint","urlTemplate":"https:\/\/www.lovelldeco.fr\/bl\/?s={search_term_string}"},"query-input":{"@type":"PropertyValueSpecification","valueRequired":true,"valueName":"search_term_string"}}],"inLanguage":"fr-FR"},{"@type":"Person","@id":"https:\/\/www.lovelldeco.fr\/bl\/#\/schema\/person\/39062999c940ea77282199682ae213f9","name":"lovell patricia","image":{"@type":"ImageObject","inLanguage":"fr-FR","@id":"https:\/\/www.lovelldeco.fr\/bl\/#\/schema\/person\/image\/","url":"https:\/\/secure.gravatar.com\/avatar\/8e4d260d910b5ea661282a3e535989037309b9eae7dddd11417f2c72f96a2364?s=96&d=mm&r=g","contentUrl":"https:\/\/secure.gravatar.com\/avatar\/8e4d260d910b5ea661282a3e535989037309b9eae7dddd11417f2c72f96a2364?s=96&d=mm&r=g","caption":"lovell patricia"},"description":"Patricia Lovell vous pr\u00e9sente ses prestations de d\u00e9coration et de home staging par le biais du site www.lovelldeco.fr. lovell patricia","sameAs":["http:\/\/www.lovelldeco.fr\/"],"url":"https:\/\/www.lovelldeco.fr\/bl\/author\/patyvell\/"}]}},"_links":{"self":[{"href":"https:\/\/www.lovelldeco.fr\/bl\/wp-json\/wp\/v2\/posts\/2302","targetHints":{"allow":["GET"]}}],"collection":[{"href":"https:\/\/www.lovelldeco.fr\/bl\/wp-json\/wp\/v2\/posts"}],"about":[{"href":"https:\/\/www.lovelldeco.fr\/bl\/wp-json\/wp\/v2\/types\/post"}],"author":[{"embeddable":true,"href":"https:\/\/www.lovelldeco.fr\/bl\/wp-json\/wp\/v2\/users\/1"}],"replies":[{"embeddable":true,"href":"https:\/\/www.lovelldeco.fr\/bl\/wp-json\/wp\/v2\/comments?post=2302"}],"version-history":[{"count":2,"href":"https:\/\/www.lovelldeco.fr\/bl\/wp-json\/wp\/v2\/posts\/2302\/revisions"}],"predecessor-version":[{"id":2316,"href":"https:\/\/www.lovelldeco.fr\/bl\/wp-json\/wp\/v2\/posts\/2302\/revisions\/2316"}],"wp:attachment":[{"href":"https:\/\/www.lovelldeco.fr\/bl\/wp-json\/wp\/v2\/media?parent=2302"}],"wp:term":[{"taxonomy":"category","embeddable":true,"href":"https:\/\/www.lovelldeco.fr\/bl\/wp-json\/wp\/v2\/categories?post=2302"},{"taxonomy":"post_tag","embeddable":true,"href":"https:\/\/www.lovelldeco.fr\/bl\/wp-json\/wp\/v2\/tags?post=2302"}],"curies":[{"name":"wp","href":"https:\/\/api.w.org\/{rel}","templated":true}]}}