{"id":2186,"date":"2025-01-23T17:00:00","date_gmt":"2025-01-23T16:00:00","guid":{"rendered":"https:\/\/www.lovelldeco.fr\/bl\/?p=2186"},"modified":"2025-04-04T16:13:55","modified_gmt":"2025-04-04T15:13:55","slug":"decoration-dinterieur-a-toulouse-quand-lepure-rencontre-la-chaleur","status":"publish","type":"post","link":"https:\/\/www.lovelldeco.fr\/bl\/2025\/01\/23\/decoration-dinterieur-a-toulouse-quand-lepure-rencontre-la-chaleur\/","title":{"rendered":"D\u00c9CORATION D&rsquo;INT\u00c9RIEUR A TOULOUSE : QUAND L&rsquo;\u00c9PUR\u00c9 RENCONTRE LA CHALEUR"},"content":{"rendered":"\r\n<p>Imaginez un int\u00e9rieur o\u00f9 chaque \u00e9l\u00e9ment trouve sa place avec justesse, o\u00f9 la simplicit\u00e9 devient une source de s\u00e9r\u00e9nit\u00e9, et o\u00f9 la nature s\u2019invite \u00e0 travers des mat\u00e9riaux bruts et des teintes douces. C\u2019est tout l\u2019esprit du style Japandi, une fusion parfaite entre l\u2019\u00e9l\u00e9gance japonaise et le minimalisme chaleureux scandinave.<\/p>\r\n<p>Voici un projet d&rsquo;<a href=\"https:\/\/www.lovelldeco.fr\/\">architecture d&rsquo;int\u00e9rieur et de decoration \u00e0 Toulouse Nord<\/a> .<\/p>\r\n\r\n\r\n\r\n<p>R\u00e9cemment, j\u2019ai eu l\u2019opportunit\u00e9 de travailler sur un magnifique projet de r\u00e9novation qui illustre \u00e0 merveille cette esth\u00e9tique apaisante. Une maison au d\u00e9part sombre, avec diff\u00e9rents carrelages vieillots. Ma cliente souhaitait changer la d\u00e9coration et transformer cette maison en un cocon minimaliste et raffin\u00e9, o\u00f9 l\u2019harmonie r\u00e8gne dans chaque pi\u00e8ce.<\/p>\r\n\r\n\r\n\r\n<p>Dans cet article, je vous emm\u00e8ne \u00e0 la d\u00e9couverte de cette m\u00e9tamorphose : avant\/apr\u00e8s, choix des mat\u00e9riaux, astuces d\u00e9co et conseils pour adopter le style Japandi chez vous. Pr\u00eat(e) \u00e0 plonger dans un univers o\u00f9 moins, c\u2019est mieux ?<\/p>\r\n\r\n\r\n\r\n<p><strong>1 &#8211; L&rsquo;ENTREE<\/strong><\/p>\r\n\r\n\r\n\r\n<figure class=\"wp-block-image size-full\"><a href=\"https:\/\/www.lovelldeco.fr\/bl\/wp-content\/uploads\/2025\/01\/entree-2.png\"><img loading=\"lazy\" decoding=\"async\" width=\"629\" height=\"472\" class=\"wp-image-2187\" src=\"https:\/\/www.lovelldeco.fr\/bl\/wp-content\/uploads\/2025\/01\/entree-2.png\" alt=\"\" srcset=\"https:\/\/www.lovelldeco.fr\/bl\/wp-content\/uploads\/2025\/01\/entree-2.png 629w, https:\/\/www.lovelldeco.fr\/bl\/wp-content\/uploads\/2025\/01\/entree-2-300x225.png 300w, https:\/\/www.lovelldeco.fr\/bl\/wp-content\/uploads\/2025\/01\/entree-2-624x468.png 624w\" sizes=\"auto, (max-width: 629px) 100vw, 629px\" \/><\/a>\r\n<figcaption class=\"wp-element-caption\">Avant<\/figcaption>\r\n<\/figure>\r\n\r\n\r\n\r\n<figure class=\"wp-block-image size-large\"><a href=\"https:\/\/www.lovelldeco.fr\/bl\/wp-content\/uploads\/2025\/01\/entreee-apres.png\"><img loading=\"lazy\" decoding=\"async\" width=\"1024\" height=\"578\" class=\"wp-image-2190\" src=\"https:\/\/www.lovelldeco.fr\/bl\/wp-content\/uploads\/2025\/01\/entreee-apres-1024x578.png\" alt=\"\" srcset=\"https:\/\/www.lovelldeco.fr\/bl\/wp-content\/uploads\/2025\/01\/entreee-apres-1024x578.png 1024w, https:\/\/www.lovelldeco.fr\/bl\/wp-content\/uploads\/2025\/01\/entreee-apres-300x169.png 300w, https:\/\/www.lovelldeco.fr\/bl\/wp-content\/uploads\/2025\/01\/entreee-apres-768x433.png 768w, https:\/\/www.lovelldeco.fr\/bl\/wp-content\/uploads\/2025\/01\/entreee-apres-1536x867.png 1536w, https:\/\/www.lovelldeco.fr\/bl\/wp-content\/uploads\/2025\/01\/entreee-apres-624x352.png 624w, https:\/\/www.lovelldeco.fr\/bl\/wp-content\/uploads\/2025\/01\/entreee-apres.png 1845w\" sizes=\"auto, (max-width: 1024px) 100vw, 1024px\" \/><\/a>\r\n<figcaption class=\"wp-element-caption\">Projet 3D<\/figcaption>\r\n<\/figure>\r\n\r\n\r\n<div class=\"wp-block-image\">\r\n<figure class=\"alignleft size-full\"><a href=\"https:\/\/www.lovelldeco.fr\/bl\/wp-content\/uploads\/2025\/01\/entree-1-1.png\"><img loading=\"lazy\" decoding=\"async\" width=\"625\" height=\"468\" class=\"wp-image-2197\" src=\"https:\/\/www.lovelldeco.fr\/bl\/wp-content\/uploads\/2025\/01\/entree-1-1.png\" alt=\"\" srcset=\"https:\/\/www.lovelldeco.fr\/bl\/wp-content\/uploads\/2025\/01\/entree-1-1.png 625w, https:\/\/www.lovelldeco.fr\/bl\/wp-content\/uploads\/2025\/01\/entree-1-1-300x225.png 300w\" sizes=\"auto, (max-width: 625px) 100vw, 625px\" \/><\/a><\/figure><\/div>\r\n\r\n<div class=\"wp-block-image\">\r\n<figure class=\"aligncenter size-large\"><a href=\"https:\/\/www.lovelldeco.fr\/bl\/wp-content\/uploads\/2025\/01\/entree-3D.png\"><img loading=\"lazy\" decoding=\"async\" width=\"1024\" height=\"578\" class=\"wp-image-2198\" src=\"https:\/\/www.lovelldeco.fr\/bl\/wp-content\/uploads\/2025\/01\/entree-3D-1024x578.png\" alt=\"\" srcset=\"https:\/\/www.lovelldeco.fr\/bl\/wp-content\/uploads\/2025\/01\/entree-3D-1024x578.png 1024w, https:\/\/www.lovelldeco.fr\/bl\/wp-content\/uploads\/2025\/01\/entree-3D-300x169.png 300w, https:\/\/www.lovelldeco.fr\/bl\/wp-content\/uploads\/2025\/01\/entree-3D-768x433.png 768w, https:\/\/www.lovelldeco.fr\/bl\/wp-content\/uploads\/2025\/01\/entree-3D-1536x867.png 1536w, https:\/\/www.lovelldeco.fr\/bl\/wp-content\/uploads\/2025\/01\/entree-3D-624x352.png 624w, https:\/\/www.lovelldeco.fr\/bl\/wp-content\/uploads\/2025\/01\/entree-3D.png 1824w\" sizes=\"auto, (max-width: 1024px) 100vw, 1024px\" \/><\/a><\/figure><\/div>\r\n\r\n\r\n<p><strong><em>L&rsquo;entr\u00e9e Avant :<\/em><\/strong><\/p>\r\n\r\n\r\n\r\n<p>-Trop sombre<\/p>\r\n\r\n\r\n\r\n<p>-Un carrelage \u00ab\u00a0marqu\u00e9\u00a0\u00bb et diff\u00e9rent dans toutes les pi\u00e8ces<\/p>\r\n\r\n\r\n\r\n<p>-Un sentiment d&rsquo;espace restreint<\/p>\r\n\r\n\r\n\r\n<p><strong><em>Solutions :<\/em><\/strong><\/p>\r\n\r\n\r\n\r\n<p>-Unifier le sol dans toute la maison avec un carrelage 120&#215;120 effet b\u00e9ton<\/p>\r\n\r\n\r\n\r\n<p>-All\u00e9ger l&rsquo;escalier<\/p>\r\n\r\n\r\n\r\n<p>-Peindre les poutres \u00e0 la chaux<\/p>\r\n\r\n\r\n\r\n<p>-Agrandir l&rsquo;espace : Faire appara\u00eetre les colombages, ouvrir les murs<\/p>\r\n\r\n\r\n\r\n<p>et le passage vers le s\u00e9jour pour une meilleure circulation<\/p>\r\n\r\n\r\n\r\n<p>-Ouvrir la porte d&rsquo;entr\u00e9e en bois avec des parties vitr\u00e9es.<\/p>\r\n\r\n\r\n\r\n<p><strong>2 &#8211; LES PLANS 2D <\/strong><\/p>\r\n\r\n\r\n\r\n<figure class=\"wp-block-image alignleft size-large\"><a href=\"https:\/\/www.lovelldeco.fr\/bl\/wp-content\/uploads\/2025\/01\/etat-des-lieux-mont.png\"><img loading=\"lazy\" decoding=\"async\" width=\"1024\" height=\"749\" class=\"wp-image-2200\" src=\"https:\/\/www.lovelldeco.fr\/bl\/wp-content\/uploads\/2025\/01\/etat-des-lieux-mont-1024x749.png\" alt=\"\" srcset=\"https:\/\/www.lovelldeco.fr\/bl\/wp-content\/uploads\/2025\/01\/etat-des-lieux-mont-1024x749.png 1024w, https:\/\/www.lovelldeco.fr\/bl\/wp-content\/uploads\/2025\/01\/etat-des-lieux-mont-300x219.png 300w, https:\/\/www.lovelldeco.fr\/bl\/wp-content\/uploads\/2025\/01\/etat-des-lieux-mont-768x562.png 768w, https:\/\/www.lovelldeco.fr\/bl\/wp-content\/uploads\/2025\/01\/etat-des-lieux-mont-1536x1124.png 1536w, https:\/\/www.lovelldeco.fr\/bl\/wp-content\/uploads\/2025\/01\/etat-des-lieux-mont-2048x1498.png 2048w, https:\/\/www.lovelldeco.fr\/bl\/wp-content\/uploads\/2025\/01\/etat-des-lieux-mont-624x456.png 624w\" sizes=\"auto, (max-width: 1024px) 100vw, 1024px\" \/><\/a>\r\n<figcaption class=\"wp-element-caption\">Plan d&rsquo;\u00e9tat des lieux<\/figcaption>\r\n<\/figure>\r\n\r\n\r\n\r\n<figure class=\"wp-block-image aligncenter size-large\"><a href=\"https:\/\/www.lovelldeco.fr\/bl\/wp-content\/uploads\/2025\/01\/demoli-mont.png\"><img loading=\"lazy\" decoding=\"async\" width=\"1024\" height=\"726\" class=\"wp-image-2201\" src=\"https:\/\/www.lovelldeco.fr\/bl\/wp-content\/uploads\/2025\/01\/demoli-mont-1024x726.png\" alt=\"\" srcset=\"https:\/\/www.lovelldeco.fr\/bl\/wp-content\/uploads\/2025\/01\/demoli-mont-1024x726.png 1024w, https:\/\/www.lovelldeco.fr\/bl\/wp-content\/uploads\/2025\/01\/demoli-mont-300x213.png 300w, https:\/\/www.lovelldeco.fr\/bl\/wp-content\/uploads\/2025\/01\/demoli-mont-768x544.png 768w, https:\/\/www.lovelldeco.fr\/bl\/wp-content\/uploads\/2025\/01\/demoli-mont-1536x1088.png 1536w, https:\/\/www.lovelldeco.fr\/bl\/wp-content\/uploads\/2025\/01\/demoli-mont-2048x1451.png 2048w, https:\/\/www.lovelldeco.fr\/bl\/wp-content\/uploads\/2025\/01\/demoli-mont-624x442.png 624w\" sizes=\"auto, (max-width: 1024px) 100vw, 1024px\" \/><\/a>\r\n<figcaption class=\"wp-element-caption\">Plan de d\u00e9molition<\/figcaption>\r\n<\/figure>\r\n\r\n\r\n\r\n<figure class=\"wp-block-image alignright size-large\"><a href=\"https:\/\/www.lovelldeco.fr\/bl\/wp-content\/uploads\/2025\/01\/cons-mont.png\"><img loading=\"lazy\" decoding=\"async\" width=\"1024\" height=\"724\" class=\"wp-image-2202\" src=\"https:\/\/www.lovelldeco.fr\/bl\/wp-content\/uploads\/2025\/01\/cons-mont-1024x724.png\" alt=\"\" srcset=\"https:\/\/www.lovelldeco.fr\/bl\/wp-content\/uploads\/2025\/01\/cons-mont-1024x724.png 1024w, https:\/\/www.lovelldeco.fr\/bl\/wp-content\/uploads\/2025\/01\/cons-mont-300x212.png 300w, https:\/\/www.lovelldeco.fr\/bl\/wp-content\/uploads\/2025\/01\/cons-mont-768x543.png 768w, https:\/\/www.lovelldeco.fr\/bl\/wp-content\/uploads\/2025\/01\/cons-mont-1536x1086.png 1536w, https:\/\/www.lovelldeco.fr\/bl\/wp-content\/uploads\/2025\/01\/cons-mont-2048x1447.png 2048w, https:\/\/www.lovelldeco.fr\/bl\/wp-content\/uploads\/2025\/01\/cons-mont-624x441.png 624w\" sizes=\"auto, (max-width: 1024px) 100vw, 1024px\" \/><\/a>\r\n<figcaption class=\"wp-element-caption\">Plan de construction<\/figcaption>\r\n<\/figure>\r\n\r\n\r\n\r\n<figure class=\"wp-block-image size-large\"><a href=\"https:\/\/www.lovelldeco.fr\/bl\/wp-content\/uploads\/2025\/01\/mont-agencement.png\"><img loading=\"lazy\" decoding=\"async\" width=\"1024\" height=\"724\" class=\"wp-image-2214\" src=\"https:\/\/www.lovelldeco.fr\/bl\/wp-content\/uploads\/2025\/01\/mont-agencement-1024x724.png\" alt=\"\" srcset=\"https:\/\/www.lovelldeco.fr\/bl\/wp-content\/uploads\/2025\/01\/mont-agencement-1024x724.png 1024w, https:\/\/www.lovelldeco.fr\/bl\/wp-content\/uploads\/2025\/01\/mont-agencement-300x212.png 300w, https:\/\/www.lovelldeco.fr\/bl\/wp-content\/uploads\/2025\/01\/mont-agencement-768x543.png 768w, https:\/\/www.lovelldeco.fr\/bl\/wp-content\/uploads\/2025\/01\/mont-agencement-1536x1086.png 1536w, https:\/\/www.lovelldeco.fr\/bl\/wp-content\/uploads\/2025\/01\/mont-agencement-2048x1449.png 2048w, https:\/\/www.lovelldeco.fr\/bl\/wp-content\/uploads\/2025\/01\/mont-agencement-624x441.png 624w\" sizes=\"auto, (max-width: 1024px) 100vw, 1024px\" \/><\/a>\r\n<figcaption class=\"wp-element-caption\">Plan d&rsquo;agencement<\/figcaption>\r\n<\/figure>\r\n\r\n\r\n\r\n<p><strong>3 &#8211; LE SALON <\/strong><\/p>\r\n\r\n\r\n\r\n<figure class=\"wp-block-image aligncenter size-full\"><a href=\"https:\/\/www.lovelldeco.fr\/bl\/wp-content\/uploads\/2025\/01\/alon-tv.png\"><img loading=\"lazy\" decoding=\"async\" width=\"702\" height=\"514\" class=\"wp-image-2204\" src=\"https:\/\/www.lovelldeco.fr\/bl\/wp-content\/uploads\/2025\/01\/alon-tv.png\" alt=\"\" srcset=\"https:\/\/www.lovelldeco.fr\/bl\/wp-content\/uploads\/2025\/01\/alon-tv.png 702w, https:\/\/www.lovelldeco.fr\/bl\/wp-content\/uploads\/2025\/01\/alon-tv-300x220.png 300w, https:\/\/www.lovelldeco.fr\/bl\/wp-content\/uploads\/2025\/01\/alon-tv-624x457.png 624w\" sizes=\"auto, (max-width: 702px) 100vw, 702px\" \/><\/a>\r\n<figcaption class=\"wp-element-caption\"><strong>Avant<\/strong><\/figcaption>\r\n<\/figure>\r\n\r\n\r\n\r\n<figure class=\"wp-block-image size-large\"><a href=\"https:\/\/www.lovelldeco.fr\/bl\/wp-content\/uploads\/2025\/01\/salon-TV-3d.png\"><img loading=\"lazy\" decoding=\"async\" width=\"1024\" height=\"578\" class=\"wp-image-2205\" src=\"https:\/\/www.lovelldeco.fr\/bl\/wp-content\/uploads\/2025\/01\/salon-TV-3d-1024x578.png\" alt=\"\" srcset=\"https:\/\/www.lovelldeco.fr\/bl\/wp-content\/uploads\/2025\/01\/salon-TV-3d-1024x578.png 1024w, https:\/\/www.lovelldeco.fr\/bl\/wp-content\/uploads\/2025\/01\/salon-TV-3d-300x169.png 300w, https:\/\/www.lovelldeco.fr\/bl\/wp-content\/uploads\/2025\/01\/salon-TV-3d-768x433.png 768w, https:\/\/www.lovelldeco.fr\/bl\/wp-content\/uploads\/2025\/01\/salon-TV-3d-1536x867.png 1536w, https:\/\/www.lovelldeco.fr\/bl\/wp-content\/uploads\/2025\/01\/salon-TV-3d-624x352.png 624w, https:\/\/www.lovelldeco.fr\/bl\/wp-content\/uploads\/2025\/01\/salon-TV-3d.png 1816w\" sizes=\"auto, (max-width: 1024px) 100vw, 1024px\" \/><\/a>\r\n<figcaption class=\"wp-element-caption\"><strong>Projet 3D<\/strong><\/figcaption>\r\n<\/figure>\r\n\r\n\r\n\r\n<p><strong><em>Solutions pour le salon :<\/em><\/strong><\/p>\r\n\r\n\r\n\r\n<p>Pour \u00e9claircir : Poutres et murs \u00e0 la chaux<\/p>\r\n\r\n\r\n\r\n<p>Pour un espace plus harmonieux : Meuble t\u00e9l\u00e9 avec partie placo avec niche et claustras phoniques, tv fix\u00e9e au mur.<\/p>\r\n\r\n\r\n\r\n<figure class=\"wp-block-image size-full\"><a href=\"https:\/\/www.lovelldeco.fr\/bl\/wp-content\/uploads\/2025\/01\/cheminee.png\"><img loading=\"lazy\" decoding=\"async\" width=\"635\" height=\"477\" class=\"wp-image-2206\" src=\"https:\/\/www.lovelldeco.fr\/bl\/wp-content\/uploads\/2025\/01\/cheminee.png\" alt=\"\" srcset=\"https:\/\/www.lovelldeco.fr\/bl\/wp-content\/uploads\/2025\/01\/cheminee.png 635w, https:\/\/www.lovelldeco.fr\/bl\/wp-content\/uploads\/2025\/01\/cheminee-300x225.png 300w, https:\/\/www.lovelldeco.fr\/bl\/wp-content\/uploads\/2025\/01\/cheminee-624x469.png 624w\" sizes=\"auto, (max-width: 635px) 100vw, 635px\" \/><\/a><\/figure>\r\n\r\n\r\n\r\n<p><strong>Avant<\/strong><\/p>\r\n\r\n\r\n\r\n<figure class=\"wp-block-image size-large\"><a href=\"https:\/\/www.lovelldeco.fr\/bl\/wp-content\/uploads\/2025\/01\/salon-cheminee.png\"><img loading=\"lazy\" decoding=\"async\" width=\"1024\" height=\"577\" class=\"wp-image-2207\" src=\"https:\/\/www.lovelldeco.fr\/bl\/wp-content\/uploads\/2025\/01\/salon-cheminee-1024x577.png\" alt=\"\" srcset=\"https:\/\/www.lovelldeco.fr\/bl\/wp-content\/uploads\/2025\/01\/salon-cheminee-1024x577.png 1024w, https:\/\/www.lovelldeco.fr\/bl\/wp-content\/uploads\/2025\/01\/salon-cheminee-300x169.png 300w, https:\/\/www.lovelldeco.fr\/bl\/wp-content\/uploads\/2025\/01\/salon-cheminee-768x433.png 768w, https:\/\/www.lovelldeco.fr\/bl\/wp-content\/uploads\/2025\/01\/salon-cheminee-1536x865.png 1536w, https:\/\/www.lovelldeco.fr\/bl\/wp-content\/uploads\/2025\/01\/salon-cheminee-624x351.png 624w, https:\/\/www.lovelldeco.fr\/bl\/wp-content\/uploads\/2025\/01\/salon-cheminee.png 1827w\" sizes=\"auto, (max-width: 1024px) 100vw, 1024px\" \/><\/a>\r\n<figcaption class=\"wp-element-caption\"><strong>Projet 3D<\/strong><\/figcaption>\r\n<\/figure>\r\n\r\n\r\n\r\n<p>Suppression de la chemin\u00e9e ( non utilis\u00e9e) pour un espace plus spacieux. Canap\u00e9 d&rsquo;angle blanc d\u00e9houssable, rideaux en lin, table basse ovale en bois clair.<\/p>\r\n\r\n\r\n\r\n<p><strong>4 &#8211; LE SEJOUR<\/strong><\/p>\r\n\r\n\r\n\r\n<figure class=\"wp-block-image size-full\"><a href=\"https:\/\/www.lovelldeco.fr\/bl\/wp-content\/uploads\/2025\/01\/sejour.png\"><img loading=\"lazy\" decoding=\"async\" width=\"683\" height=\"514\" class=\"wp-image-2208\" src=\"https:\/\/www.lovelldeco.fr\/bl\/wp-content\/uploads\/2025\/01\/sejour.png\" alt=\"\" srcset=\"https:\/\/www.lovelldeco.fr\/bl\/wp-content\/uploads\/2025\/01\/sejour.png 683w, https:\/\/www.lovelldeco.fr\/bl\/wp-content\/uploads\/2025\/01\/sejour-300x226.png 300w, https:\/\/www.lovelldeco.fr\/bl\/wp-content\/uploads\/2025\/01\/sejour-624x470.png 624w\" sizes=\"auto, (max-width: 683px) 100vw, 683px\" \/><\/a><\/figure>\r\n\r\n\r\n\r\n<p><em><strong>Le s\u00e9jour avant :<\/strong><\/em><\/p>\r\n\r\n\r\n\r\n<p>Poutres trop fonc\u00e9es<\/p>\r\n\r\n\r\n\r\n<p>Armoire qui coupe la lumi\u00e8re<\/p>\r\n\r\n\r\n\r\n<p>Etag\u00e8res sur le cot\u00e9 peu exploitables<\/p>\r\n\r\n\r\n\r\n<p>Ambiance trop color\u00e9e<\/p>\r\n\r\n\r\n\r\n<p>&nbsp;<\/p>\r\n\r\n\r\n\r\n<figure class=\"wp-block-image size-large\"><a href=\"https:\/\/www.lovelldeco.fr\/bl\/wp-content\/uploads\/2025\/01\/sejour-3D.png\"><img loading=\"lazy\" decoding=\"async\" width=\"1024\" height=\"577\" class=\"wp-image-2209\" src=\"https:\/\/www.lovelldeco.fr\/bl\/wp-content\/uploads\/2025\/01\/sejour-3D-1024x577.png\" alt=\"\" srcset=\"https:\/\/www.lovelldeco.fr\/bl\/wp-content\/uploads\/2025\/01\/sejour-3D-1024x577.png 1024w, https:\/\/www.lovelldeco.fr\/bl\/wp-content\/uploads\/2025\/01\/sejour-3D-300x169.png 300w, https:\/\/www.lovelldeco.fr\/bl\/wp-content\/uploads\/2025\/01\/sejour-3D-768x433.png 768w, https:\/\/www.lovelldeco.fr\/bl\/wp-content\/uploads\/2025\/01\/sejour-3D-1536x866.png 1536w, https:\/\/www.lovelldeco.fr\/bl\/wp-content\/uploads\/2025\/01\/sejour-3D-624x352.png 624w, https:\/\/www.lovelldeco.fr\/bl\/wp-content\/uploads\/2025\/01\/sejour-3D.png 1818w\" sizes=\"auto, (max-width: 1024px) 100vw, 1024px\" \/><\/a><\/figure>\r\n\r\n\r\n\r\n<p><strong><em>Solutions pour le s\u00e9jour :<\/em><\/strong><\/p>\r\n\r\n\r\n\r\n<p>Poutres sabl\u00e9es pour \u00e9claircir<\/p>\r\n\r\n\r\n\r\n<p>Teintes douces<\/p>\r\n\r\n\r\n\r\n<p>Espace cocooning : Canap\u00e9 velours modulable, table carr\u00e9 en bois clair<\/p>\r\n\r\n\r\n\r\n<figure class=\"wp-block-image size-large\"><a href=\"https:\/\/www.lovelldeco.fr\/bl\/wp-content\/uploads\/2025\/01\/salon-2-3d.png\"><img loading=\"lazy\" decoding=\"async\" width=\"1024\" height=\"576\" class=\"wp-image-2210\" src=\"https:\/\/www.lovelldeco.fr\/bl\/wp-content\/uploads\/2025\/01\/salon-2-3d-1024x576.png\" alt=\"\" srcset=\"https:\/\/www.lovelldeco.fr\/bl\/wp-content\/uploads\/2025\/01\/salon-2-3d-1024x576.png 1024w, https:\/\/www.lovelldeco.fr\/bl\/wp-content\/uploads\/2025\/01\/salon-2-3d-300x169.png 300w, https:\/\/www.lovelldeco.fr\/bl\/wp-content\/uploads\/2025\/01\/salon-2-3d-768x432.png 768w, https:\/\/www.lovelldeco.fr\/bl\/wp-content\/uploads\/2025\/01\/salon-2-3d-1536x863.png 1536w, https:\/\/www.lovelldeco.fr\/bl\/wp-content\/uploads\/2025\/01\/salon-2-3d-624x351.png 624w, https:\/\/www.lovelldeco.fr\/bl\/wp-content\/uploads\/2025\/01\/salon-2-3d.png 1818w\" sizes=\"auto, (max-width: 1024px) 100vw, 1024px\" \/><\/a><\/figure>\r\n\r\n\r\n\r\n<p>Agrandissement de la biblioth\u00e8que avec des \u00e9tag\u00e8res en bois clair flottantes<\/p>\r\n\r\n\r\n\r\n<p><strong><em>L&rsquo;AUTRE VUE DU SEJOUR<\/em><\/strong><\/p>\r\n\r\n\r\n\r\n<figure class=\"wp-block-image size-full\"><a href=\"https:\/\/www.lovelldeco.fr\/bl\/wp-content\/uploads\/2025\/01\/sejour-2.png\"><img loading=\"lazy\" decoding=\"async\" width=\"633\" height=\"477\" class=\"wp-image-2211\" src=\"https:\/\/www.lovelldeco.fr\/bl\/wp-content\/uploads\/2025\/01\/sejour-2.png\" alt=\"\" srcset=\"https:\/\/www.lovelldeco.fr\/bl\/wp-content\/uploads\/2025\/01\/sejour-2.png 633w, https:\/\/www.lovelldeco.fr\/bl\/wp-content\/uploads\/2025\/01\/sejour-2-300x226.png 300w, https:\/\/www.lovelldeco.fr\/bl\/wp-content\/uploads\/2025\/01\/sejour-2-624x470.png 624w\" sizes=\"auto, (max-width: 633px) 100vw, 633px\" \/><\/a><\/figure>\r\n\r\n\r\n\r\n<figure class=\"wp-block-image size-large\"><a href=\"https:\/\/www.lovelldeco.fr\/bl\/wp-content\/uploads\/2025\/01\/sejour-2-3D.png\"><img loading=\"lazy\" decoding=\"async\" width=\"1024\" height=\"576\" class=\"wp-image-2212\" src=\"https:\/\/www.lovelldeco.fr\/bl\/wp-content\/uploads\/2025\/01\/sejour-2-3D-1024x576.png\" alt=\"\" srcset=\"https:\/\/www.lovelldeco.fr\/bl\/wp-content\/uploads\/2025\/01\/sejour-2-3D-1024x576.png 1024w, https:\/\/www.lovelldeco.fr\/bl\/wp-content\/uploads\/2025\/01\/sejour-2-3D-300x169.png 300w, https:\/\/www.lovelldeco.fr\/bl\/wp-content\/uploads\/2025\/01\/sejour-2-3D-768x432.png 768w, https:\/\/www.lovelldeco.fr\/bl\/wp-content\/uploads\/2025\/01\/sejour-2-3D-1536x864.png 1536w, https:\/\/www.lovelldeco.fr\/bl\/wp-content\/uploads\/2025\/01\/sejour-2-3D-624x351.png 624w, https:\/\/www.lovelldeco.fr\/bl\/wp-content\/uploads\/2025\/01\/sejour-2-3D.png 1822w\" sizes=\"auto, (max-width: 1024px) 100vw, 1024px\" \/><\/a><\/figure>\r\n\r\n\r\n\r\n<p><strong>Modifications :<\/strong><\/p>\r\n\r\n\r\n\r\n<p>Buffet, table et armoire peints, pour rester dans le clair<\/p>\r\n\r\n\r\n\r\n<p>Changement des chaises de la salle \u00e0 manger<\/p>\r\n\r\n\r\n\r\n<p>Ouverture verri\u00e8re c\u00f4t\u00e9 cuisine<\/p>\r\n\r\n\r\n\r\n<p><strong>5 &#8211; ASTUCE D\u00c9CO <\/strong><\/p>\r\n\r\n\r\n\r\n<p>Pour une ambiance Japandi r\u00e9ussie, privil\u00e9giez des meubles bas et \u00e9pur\u00e9s ; jouez sur les textures naturelles comme le lin, le bois et la c\u00e9ramique.<\/p>\r\n\r\n\r\n\r\n<p><strong>6 &#8211; LE SAVIEZ-VOUS ?<\/strong><\/p>\r\n\r\n\r\n\r\n<p>Le style Japandi s&rsquo;inspire du concept japonais wabi-sabi, qui c\u00e9l\u00e8bre l&rsquo;imperfection et la beaut\u00e9 du temps qui passe.<\/p>\r\n\r\n\r\n\r\n<p>Avez-vous d\u00e9j\u00e0 essay\u00e9 d&rsquo; int\u00e9grer des \u00e9l\u00e9ments Japandi dans votre int\u00e9rieur ?<\/p>\r\n\r\n\r\n\r\n<p>Je peux vous y aider !<\/p>\r\n","protected":false},"excerpt":{"rendered":"<p>Imaginez un int\u00e9rieur o\u00f9 chaque \u00e9l\u00e9ment trouve sa place avec justesse, o\u00f9 la simplicit\u00e9 devient une source de s\u00e9r\u00e9nit\u00e9, et o\u00f9 la nature s\u2019invite \u00e0 travers des mat\u00e9riaux bruts et des teintes douces. C\u2019est tout l\u2019esprit du style Japandi, une fusion parfaite entre l\u2019\u00e9l\u00e9gance japonaise et le minimalisme chaleureux scandinave. Voici un projet d&rsquo;architecture d&rsquo;int\u00e9rieur [&hellip;]<\/p>\n","protected":false},"author":1,"featured_media":2210,"comment_status":"closed","ping_status":"closed","sticky":false,"template":"","format":"standard","meta":{"footnotes":""},"categories":[121,135,95,99,108,177,97,136,164,143,167,133,161,109,1,115,124,139,157,94,114],"tags":[],"class_list":["post-2186","post","type-post","status-publish","format-standard","has-post-thumbnail","hentry","category-3d-photo-realistes","category-agencement","category-amenagement-interieur","category-architecture-dinterieur","category-astuce-deco","category-balma","category-bois-naturel","category-conception-architecturale","category-conception-decoration","category-decoration-chaleureuse","category-decoration-epuree","category-departement-31","category-inspiration-deco","category-lovelldeco","category-non-classe","category-photos-avant-apres","category-plan-2d","category-plan-dagencement","category-projet-cles-en-main","category-region-toulousaine","category-renovation-amenagement-interieur"],"yoast_head":"<!-- This site is optimized with the Yoast SEO plugin v25.7 - https:\/\/yoast.com\/wordpress\/plugins\/seo\/ -->\n<title>D\u00c9CORATION D&#039;INT\u00c9RIEUR A TOULOUSE : QUAND L&#039;\u00c9PUR\u00c9 RENCONTRE LA CHALEUR - LOVELL D\u00e9co - Architecture d&#039;int\u00e9rieur et d\u00e9coration<\/title>\n<meta name=\"robots\" content=\"index, follow, max-snippet:-1, max-image-preview:large, max-video-preview:-1\" \/>\n<link rel=\"canonical\" href=\"https:\/\/www.lovelldeco.fr\/bl\/2025\/01\/23\/decoration-dinterieur-a-toulouse-quand-lepure-rencontre-la-chaleur\/\" \/>\n<meta property=\"og:locale\" content=\"fr_FR\" \/>\n<meta property=\"og:type\" content=\"article\" \/>\n<meta property=\"og:title\" content=\"D\u00c9CORATION D&#039;INT\u00c9RIEUR A TOULOUSE : QUAND L&#039;\u00c9PUR\u00c9 RENCONTRE LA CHALEUR - LOVELL D\u00e9co - Architecture d&#039;int\u00e9rieur et d\u00e9coration\" \/>\n<meta property=\"og:description\" content=\"Imaginez un int\u00e9rieur o\u00f9 chaque \u00e9l\u00e9ment trouve sa place avec justesse, o\u00f9 la simplicit\u00e9 devient une source de s\u00e9r\u00e9nit\u00e9, et o\u00f9 la nature s\u2019invite \u00e0 travers des mat\u00e9riaux bruts et des teintes douces. C\u2019est tout l\u2019esprit du style Japandi, une fusion parfaite entre l\u2019\u00e9l\u00e9gance japonaise et le minimalisme chaleureux scandinave. Voici un projet d&rsquo;architecture d&rsquo;int\u00e9rieur [&hellip;]\" \/>\n<meta property=\"og:url\" content=\"https:\/\/www.lovelldeco.fr\/bl\/2025\/01\/23\/decoration-dinterieur-a-toulouse-quand-lepure-rencontre-la-chaleur\/\" \/>\n<meta property=\"og:site_name\" content=\"LOVELL D\u00e9co - Architecture d&#039;int\u00e9rieur et d\u00e9coration\" \/>\n<meta property=\"article:published_time\" content=\"2025-01-23T16:00:00+00:00\" \/>\n<meta property=\"article:modified_time\" content=\"2025-04-04T15:13:55+00:00\" \/>\n<meta property=\"og:image\" content=\"https:\/\/www.lovelldeco.fr\/bl\/wp-content\/uploads\/2025\/01\/salon-2-3d-1024x576.png\" \/>\n\t<meta property=\"og:image:width\" content=\"1024\" \/>\n\t<meta property=\"og:image:height\" content=\"576\" \/>\n\t<meta property=\"og:image:type\" content=\"image\/png\" \/>\n<meta name=\"author\" content=\"lovell patricia\" \/>\n<meta name=\"twitter:card\" content=\"summary_large_image\" \/>\n<meta name=\"twitter:label1\" content=\"\u00c9crit par\" \/>\n\t<meta name=\"twitter:data1\" content=\"lovell patricia\" \/>\n\t<meta name=\"twitter:label2\" content=\"Dur\u00e9e de lecture estim\u00e9e\" \/>\n\t<meta name=\"twitter:data2\" content=\"3 minutes\" \/>\n<script type=\"application\/ld+json\" class=\"yoast-schema-graph\">{\"@context\":\"https:\/\/schema.org\",\"@graph\":[{\"@type\":\"WebPage\",\"@id\":\"https:\/\/www.lovelldeco.fr\/bl\/2025\/01\/23\/decoration-dinterieur-a-toulouse-quand-lepure-rencontre-la-chaleur\/\",\"url\":\"https:\/\/www.lovelldeco.fr\/bl\/2025\/01\/23\/decoration-dinterieur-a-toulouse-quand-lepure-rencontre-la-chaleur\/\",\"name\":\"D\u00c9CORATION D'INT\u00c9RIEUR A TOULOUSE : QUAND L'\u00c9PUR\u00c9 RENCONTRE LA CHALEUR - LOVELL D\u00e9co - Architecture d&#039;int\u00e9rieur et d\u00e9coration\",\"isPartOf\":{\"@id\":\"https:\/\/www.lovelldeco.fr\/bl\/#website\"},\"primaryImageOfPage\":{\"@id\":\"https:\/\/www.lovelldeco.fr\/bl\/2025\/01\/23\/decoration-dinterieur-a-toulouse-quand-lepure-rencontre-la-chaleur\/#primaryimage\"},\"image\":{\"@id\":\"https:\/\/www.lovelldeco.fr\/bl\/2025\/01\/23\/decoration-dinterieur-a-toulouse-quand-lepure-rencontre-la-chaleur\/#primaryimage\"},\"thumbnailUrl\":\"https:\/\/www.lovelldeco.fr\/bl\/wp-content\/uploads\/2025\/01\/salon-2-3d.png\",\"datePublished\":\"2025-01-23T16:00:00+00:00\",\"dateModified\":\"2025-04-04T15:13:55+00:00\",\"author\":{\"@id\":\"https:\/\/www.lovelldeco.fr\/bl\/#\/schema\/person\/39062999c940ea77282199682ae213f9\"},\"breadcrumb\":{\"@id\":\"https:\/\/www.lovelldeco.fr\/bl\/2025\/01\/23\/decoration-dinterieur-a-toulouse-quand-lepure-rencontre-la-chaleur\/#breadcrumb\"},\"inLanguage\":\"fr-FR\",\"potentialAction\":[{\"@type\":\"ReadAction\",\"target\":[\"https:\/\/www.lovelldeco.fr\/bl\/2025\/01\/23\/decoration-dinterieur-a-toulouse-quand-lepure-rencontre-la-chaleur\/\"]}]},{\"@type\":\"ImageObject\",\"inLanguage\":\"fr-FR\",\"@id\":\"https:\/\/www.lovelldeco.fr\/bl\/2025\/01\/23\/decoration-dinterieur-a-toulouse-quand-lepure-rencontre-la-chaleur\/#primaryimage\",\"url\":\"https:\/\/www.lovelldeco.fr\/bl\/wp-content\/uploads\/2025\/01\/salon-2-3d.png\",\"contentUrl\":\"https:\/\/www.lovelldeco.fr\/bl\/wp-content\/uploads\/2025\/01\/salon-2-3d.png\",\"width\":1818,\"height\":1022},{\"@type\":\"BreadcrumbList\",\"@id\":\"https:\/\/www.lovelldeco.fr\/bl\/2025\/01\/23\/decoration-dinterieur-a-toulouse-quand-lepure-rencontre-la-chaleur\/#breadcrumb\",\"itemListElement\":[{\"@type\":\"ListItem\",\"position\":1,\"name\":\"Accueil\",\"item\":\"https:\/\/www.lovelldeco.fr\/bl\/\"},{\"@type\":\"ListItem\",\"position\":2,\"name\":\"D\u00c9CORATION D&rsquo;INT\u00c9RIEUR A TOULOUSE : QUAND L&rsquo;\u00c9PUR\u00c9 RENCONTRE LA CHALEUR\"}]},{\"@type\":\"WebSite\",\"@id\":\"https:\/\/www.lovelldeco.fr\/bl\/#website\",\"url\":\"https:\/\/www.lovelldeco.fr\/bl\/\",\"name\":\"LOVELL D\u00e9co - Architecture d&#039;int\u00e9rieur et d\u00e9coration\",\"description\":\"R\u00e9inventons votre int\u00e9rieur\",\"potentialAction\":[{\"@type\":\"SearchAction\",\"target\":{\"@type\":\"EntryPoint\",\"urlTemplate\":\"https:\/\/www.lovelldeco.fr\/bl\/?s={search_term_string}\"},\"query-input\":{\"@type\":\"PropertyValueSpecification\",\"valueRequired\":true,\"valueName\":\"search_term_string\"}}],\"inLanguage\":\"fr-FR\"},{\"@type\":\"Person\",\"@id\":\"https:\/\/www.lovelldeco.fr\/bl\/#\/schema\/person\/39062999c940ea77282199682ae213f9\",\"name\":\"lovell patricia\",\"image\":{\"@type\":\"ImageObject\",\"inLanguage\":\"fr-FR\",\"@id\":\"https:\/\/www.lovelldeco.fr\/bl\/#\/schema\/person\/image\/\",\"url\":\"https:\/\/secure.gravatar.com\/avatar\/8e4d260d910b5ea661282a3e535989037309b9eae7dddd11417f2c72f96a2364?s=96&d=mm&r=g\",\"contentUrl\":\"https:\/\/secure.gravatar.com\/avatar\/8e4d260d910b5ea661282a3e535989037309b9eae7dddd11417f2c72f96a2364?s=96&d=mm&r=g\",\"caption\":\"lovell patricia\"},\"description\":\"Patricia Lovell vous pr\u00e9sente ses prestations de d\u00e9coration et de home staging par le biais du site www.lovelldeco.fr. lovell patricia\",\"sameAs\":[\"http:\/\/www.lovelldeco.fr\/\"],\"url\":\"https:\/\/www.lovelldeco.fr\/bl\/author\/patyvell\/\"}]}<\/script>\n<!-- \/ Yoast SEO plugin. -->","yoast_head_json":{"title":"D\u00c9CORATION D'INT\u00c9RIEUR A TOULOUSE : QUAND L'\u00c9PUR\u00c9 RENCONTRE LA CHALEUR - LOVELL D\u00e9co - Architecture d&#039;int\u00e9rieur et d\u00e9coration","robots":{"index":"index","follow":"follow","max-snippet":"max-snippet:-1","max-image-preview":"max-image-preview:large","max-video-preview":"max-video-preview:-1"},"canonical":"https:\/\/www.lovelldeco.fr\/bl\/2025\/01\/23\/decoration-dinterieur-a-toulouse-quand-lepure-rencontre-la-chaleur\/","og_locale":"fr_FR","og_type":"article","og_title":"D\u00c9CORATION D'INT\u00c9RIEUR A TOULOUSE : QUAND L'\u00c9PUR\u00c9 RENCONTRE LA CHALEUR - LOVELL D\u00e9co - Architecture d&#039;int\u00e9rieur et d\u00e9coration","og_description":"Imaginez un int\u00e9rieur o\u00f9 chaque \u00e9l\u00e9ment trouve sa place avec justesse, o\u00f9 la simplicit\u00e9 devient une source de s\u00e9r\u00e9nit\u00e9, et o\u00f9 la nature s\u2019invite \u00e0 travers des mat\u00e9riaux bruts et des teintes douces. C\u2019est tout l\u2019esprit du style Japandi, une fusion parfaite entre l\u2019\u00e9l\u00e9gance japonaise et le minimalisme chaleureux scandinave. Voici un projet d&rsquo;architecture d&rsquo;int\u00e9rieur [&hellip;]","og_url":"https:\/\/www.lovelldeco.fr\/bl\/2025\/01\/23\/decoration-dinterieur-a-toulouse-quand-lepure-rencontre-la-chaleur\/","og_site_name":"LOVELL D\u00e9co - Architecture d&#039;int\u00e9rieur et d\u00e9coration","article_published_time":"2025-01-23T16:00:00+00:00","article_modified_time":"2025-04-04T15:13:55+00:00","og_image":[{"width":1024,"height":576,"url":"https:\/\/www.lovelldeco.fr\/bl\/wp-content\/uploads\/2025\/01\/salon-2-3d-1024x576.png","type":"image\/png"}],"author":"lovell patricia","twitter_card":"summary_large_image","twitter_misc":{"\u00c9crit par":"lovell patricia","Dur\u00e9e de lecture estim\u00e9e":"3 minutes"},"schema":{"@context":"https:\/\/schema.org","@graph":[{"@type":"WebPage","@id":"https:\/\/www.lovelldeco.fr\/bl\/2025\/01\/23\/decoration-dinterieur-a-toulouse-quand-lepure-rencontre-la-chaleur\/","url":"https:\/\/www.lovelldeco.fr\/bl\/2025\/01\/23\/decoration-dinterieur-a-toulouse-quand-lepure-rencontre-la-chaleur\/","name":"D\u00c9CORATION D'INT\u00c9RIEUR A TOULOUSE : QUAND L'\u00c9PUR\u00c9 RENCONTRE LA CHALEUR - LOVELL D\u00e9co - Architecture d&#039;int\u00e9rieur et d\u00e9coration","isPartOf":{"@id":"https:\/\/www.lovelldeco.fr\/bl\/#website"},"primaryImageOfPage":{"@id":"https:\/\/www.lovelldeco.fr\/bl\/2025\/01\/23\/decoration-dinterieur-a-toulouse-quand-lepure-rencontre-la-chaleur\/#primaryimage"},"image":{"@id":"https:\/\/www.lovelldeco.fr\/bl\/2025\/01\/23\/decoration-dinterieur-a-toulouse-quand-lepure-rencontre-la-chaleur\/#primaryimage"},"thumbnailUrl":"https:\/\/www.lovelldeco.fr\/bl\/wp-content\/uploads\/2025\/01\/salon-2-3d.png","datePublished":"2025-01-23T16:00:00+00:00","dateModified":"2025-04-04T15:13:55+00:00","author":{"@id":"https:\/\/www.lovelldeco.fr\/bl\/#\/schema\/person\/39062999c940ea77282199682ae213f9"},"breadcrumb":{"@id":"https:\/\/www.lovelldeco.fr\/bl\/2025\/01\/23\/decoration-dinterieur-a-toulouse-quand-lepure-rencontre-la-chaleur\/#breadcrumb"},"inLanguage":"fr-FR","potentialAction":[{"@type":"ReadAction","target":["https:\/\/www.lovelldeco.fr\/bl\/2025\/01\/23\/decoration-dinterieur-a-toulouse-quand-lepure-rencontre-la-chaleur\/"]}]},{"@type":"ImageObject","inLanguage":"fr-FR","@id":"https:\/\/www.lovelldeco.fr\/bl\/2025\/01\/23\/decoration-dinterieur-a-toulouse-quand-lepure-rencontre-la-chaleur\/#primaryimage","url":"https:\/\/www.lovelldeco.fr\/bl\/wp-content\/uploads\/2025\/01\/salon-2-3d.png","contentUrl":"https:\/\/www.lovelldeco.fr\/bl\/wp-content\/uploads\/2025\/01\/salon-2-3d.png","width":1818,"height":1022},{"@type":"BreadcrumbList","@id":"https:\/\/www.lovelldeco.fr\/bl\/2025\/01\/23\/decoration-dinterieur-a-toulouse-quand-lepure-rencontre-la-chaleur\/#breadcrumb","itemListElement":[{"@type":"ListItem","position":1,"name":"Accueil","item":"https:\/\/www.lovelldeco.fr\/bl\/"},{"@type":"ListItem","position":2,"name":"D\u00c9CORATION D&rsquo;INT\u00c9RIEUR A TOULOUSE : QUAND L&rsquo;\u00c9PUR\u00c9 RENCONTRE LA CHALEUR"}]},{"@type":"WebSite","@id":"https:\/\/www.lovelldeco.fr\/bl\/#website","url":"https:\/\/www.lovelldeco.fr\/bl\/","name":"LOVELL D\u00e9co - Architecture d&#039;int\u00e9rieur et d\u00e9coration","description":"R\u00e9inventons votre int\u00e9rieur","potentialAction":[{"@type":"SearchAction","target":{"@type":"EntryPoint","urlTemplate":"https:\/\/www.lovelldeco.fr\/bl\/?s={search_term_string}"},"query-input":{"@type":"PropertyValueSpecification","valueRequired":true,"valueName":"search_term_string"}}],"inLanguage":"fr-FR"},{"@type":"Person","@id":"https:\/\/www.lovelldeco.fr\/bl\/#\/schema\/person\/39062999c940ea77282199682ae213f9","name":"lovell patricia","image":{"@type":"ImageObject","inLanguage":"fr-FR","@id":"https:\/\/www.lovelldeco.fr\/bl\/#\/schema\/person\/image\/","url":"https:\/\/secure.gravatar.com\/avatar\/8e4d260d910b5ea661282a3e535989037309b9eae7dddd11417f2c72f96a2364?s=96&d=mm&r=g","contentUrl":"https:\/\/secure.gravatar.com\/avatar\/8e4d260d910b5ea661282a3e535989037309b9eae7dddd11417f2c72f96a2364?s=96&d=mm&r=g","caption":"lovell patricia"},"description":"Patricia Lovell vous pr\u00e9sente ses prestations de d\u00e9coration et de home staging par le biais du site www.lovelldeco.fr. lovell patricia","sameAs":["http:\/\/www.lovelldeco.fr\/"],"url":"https:\/\/www.lovelldeco.fr\/bl\/author\/patyvell\/"}]}},"_links":{"self":[{"href":"https:\/\/www.lovelldeco.fr\/bl\/wp-json\/wp\/v2\/posts\/2186","targetHints":{"allow":["GET"]}}],"collection":[{"href":"https:\/\/www.lovelldeco.fr\/bl\/wp-json\/wp\/v2\/posts"}],"about":[{"href":"https:\/\/www.lovelldeco.fr\/bl\/wp-json\/wp\/v2\/types\/post"}],"author":[{"embeddable":true,"href":"https:\/\/www.lovelldeco.fr\/bl\/wp-json\/wp\/v2\/users\/1"}],"replies":[{"embeddable":true,"href":"https:\/\/www.lovelldeco.fr\/bl\/wp-json\/wp\/v2\/comments?post=2186"}],"version-history":[{"count":13,"href":"https:\/\/www.lovelldeco.fr\/bl\/wp-json\/wp\/v2\/posts\/2186\/revisions"}],"predecessor-version":[{"id":2287,"href":"https:\/\/www.lovelldeco.fr\/bl\/wp-json\/wp\/v2\/posts\/2186\/revisions\/2287"}],"wp:featuredmedia":[{"embeddable":true,"href":"https:\/\/www.lovelldeco.fr\/bl\/wp-json\/wp\/v2\/media\/2210"}],"wp:attachment":[{"href":"https:\/\/www.lovelldeco.fr\/bl\/wp-json\/wp\/v2\/media?parent=2186"}],"wp:term":[{"taxonomy":"category","embeddable":true,"href":"https:\/\/www.lovelldeco.fr\/bl\/wp-json\/wp\/v2\/categories?post=2186"},{"taxonomy":"post_tag","embeddable":true,"href":"https:\/\/www.lovelldeco.fr\/bl\/wp-json\/wp\/v2\/tags?post=2186"}],"curies":[{"name":"wp","href":"https:\/\/api.w.org\/{rel}","templated":true}]}}