{"id":2153,"date":"2024-07-05T12:49:28","date_gmt":"2024-07-05T11:49:28","guid":{"rendered":"https:\/\/www.lovelldeco.fr\/bl\/?p=2153"},"modified":"2024-07-05T12:49:28","modified_gmt":"2024-07-05T11:49:28","slug":"projet-de-decoration-toulouse-bonnefoy","status":"publish","type":"post","link":"https:\/\/www.lovelldeco.fr\/bl\/2024\/07\/05\/projet-de-decoration-toulouse-bonnefoy\/","title":{"rendered":"Projet de d\u00e9coration Toulouse Bonnefoy"},"content":{"rendered":"\n<p>Dans ce projet, il s&rsquo;agissait de revoir la d\u00e9coration de la pi\u00e8ce \u00e0 vivre. Tout le mobilier se ressemblait. L&rsquo;espace \u00e9tait trop lin\u00e9aire, l&rsquo;ambiance un peu froide.<\/p>\n\n\n\n<p>Cahier des charges  : Plus de gris au mur. <\/p>\n\n\n\n<p>Revoir la d\u00e9coration, le canap\u00e9, le meuble t\u00e9l\u00e9, les accessoires et les luminaires pour un espace plus chaleureux.<\/p>\n\n\n\n<figure class=\"wp-block-image size-full is-resized\"><a href=\"https:\/\/www.lovelldeco.fr\/bl\/wp-content\/uploads\/2024\/07\/salon1-rue-des-vignes.png\"><img loading=\"lazy\" decoding=\"async\" src=\"https:\/\/www.lovelldeco.fr\/bl\/wp-content\/uploads\/2024\/07\/salon1-rue-des-vignes.png\" alt=\"\" class=\"wp-image-2154\" width=\"1141\" height=\"853\" srcset=\"https:\/\/www.lovelldeco.fr\/bl\/wp-content\/uploads\/2024\/07\/salon1-rue-des-vignes.png 531w, https:\/\/www.lovelldeco.fr\/bl\/wp-content\/uploads\/2024\/07\/salon1-rue-des-vignes-300x224.png 300w\" sizes=\"auto, (max-width: 1141px) 100vw, 1141px\" \/><\/a><figcaption class=\"wp-element-caption\">Image initiale<\/figcaption><\/figure>\n\n\n\n<figure class=\"wp-block-image size-large is-resized\"><a href=\"https:\/\/www.lovelldeco.fr\/bl\/wp-content\/uploads\/2024\/07\/salon-Vignes.png\"><img loading=\"lazy\" decoding=\"async\" src=\"https:\/\/www.lovelldeco.fr\/bl\/wp-content\/uploads\/2024\/07\/salon-Vignes-1024x576.png\" alt=\"\" class=\"wp-image-2155\" width=\"1134\" height=\"639\" srcset=\"https:\/\/www.lovelldeco.fr\/bl\/wp-content\/uploads\/2024\/07\/salon-Vignes-1024x576.png 1024w, https:\/\/www.lovelldeco.fr\/bl\/wp-content\/uploads\/2024\/07\/salon-Vignes-300x169.png 300w, https:\/\/www.lovelldeco.fr\/bl\/wp-content\/uploads\/2024\/07\/salon-Vignes-768x432.png 768w, https:\/\/www.lovelldeco.fr\/bl\/wp-content\/uploads\/2024\/07\/salon-Vignes-624x351.png 624w\" sizes=\"auto, (max-width: 1134px) 100vw, 1134px\" \/><\/a><figcaption class=\"wp-element-caption\">Projet 3D : Proposition d&rsquo;une claustra pour \u00ab\u00a0agrandir l&rsquo;espace salon\u00a0\u00bb. Un grand meuble Tv, plus proportionn\u00e9 \u00e0 la t\u00e9l\u00e9. Des murs  de couleur beige, des rideaux en lin, une suspension plus pr\u00e9sente, de la couleur dans les accessoires.<\/figcaption><\/figure>\n\n\n\n<figure class=\"wp-block-image size-full is-resized\"><a href=\"https:\/\/www.lovelldeco.fr\/bl\/wp-content\/uploads\/2024\/07\/salon-vignes3.png\"><img loading=\"lazy\" decoding=\"async\" src=\"https:\/\/www.lovelldeco.fr\/bl\/wp-content\/uploads\/2024\/07\/salon-vignes3.png\" alt=\"\" class=\"wp-image-2156\" width=\"1133\" height=\"775\"\/><\/a><figcaption class=\"wp-element-caption\">Autre vue du s\u00e9jour avant<\/figcaption><\/figure>\n\n\n\n<figure class=\"wp-block-image size-large is-resized\"><a href=\"https:\/\/www.lovelldeco.fr\/bl\/wp-content\/uploads\/2024\/07\/salon-vignes2.png\"><img loading=\"lazy\" decoding=\"async\" src=\"https:\/\/www.lovelldeco.fr\/bl\/wp-content\/uploads\/2024\/07\/salon-vignes2-1024x575.png\" alt=\"\" class=\"wp-image-2157\" width=\"1132\" height=\"634\" srcset=\"https:\/\/www.lovelldeco.fr\/bl\/wp-content\/uploads\/2024\/07\/salon-vignes2-1024x575.png 1024w, https:\/\/www.lovelldeco.fr\/bl\/wp-content\/uploads\/2024\/07\/salon-vignes2-300x169.png 300w, https:\/\/www.lovelldeco.fr\/bl\/wp-content\/uploads\/2024\/07\/salon-vignes2-768x431.png 768w\" sizes=\"auto, (max-width: 1132px) 100vw, 1132px\" \/><\/a><figcaption class=\"wp-element-caption\">Projet 3D : un grand miroir pour agrandir l&rsquo;espace . De la couleur dans les suspensions.<\/figcaption><\/figure>\n","protected":false},"excerpt":{"rendered":"<p>Dans ce projet, il s&rsquo;agissait de revoir la d\u00e9coration de la pi\u00e8ce \u00e0 vivre. Tout le mobilier se ressemblait. L&rsquo;espace \u00e9tait trop lin\u00e9aire, l&rsquo;ambiance un peu froide. Cahier des charges : Plus de gris au mur. Revoir la d\u00e9coration, le canap\u00e9, le meuble t\u00e9l\u00e9, les accessoires et les luminaires pour un espace plus chaleureux.<\/p>\n","protected":false},"author":1,"featured_media":2155,"comment_status":"closed","ping_status":"closed","sticky":false,"template":"","format":"standard","meta":{"footnotes":""},"categories":[121,135,95,99,108,177,136,164,143,90,178,133,118,1,94,114,93],"tags":[],"class_list":["post-2153","post","type-post","status-publish","format-standard","has-post-thumbnail","hentry","category-3d-photo-realistes","category-agencement","category-amenagement-interieur","category-architecture-dinterieur","category-astuce-deco","category-balma","category-conception-architecturale","category-conception-decoration","category-decoration-chaleureuse","category-decoration-interieur","category-decorationcolommiers","category-departement-31","category-home-staging-renovation-amenagement-interieur","category-non-classe","category-region-toulousaine","category-renovation-amenagement-interieur","category-toulouse"],"yoast_head":"<!-- This site is optimized with the Yoast SEO plugin v25.7 - https:\/\/yoast.com\/wordpress\/plugins\/seo\/ -->\n<title>Projet de d\u00e9coration Toulouse Bonnefoy - LOVELL D\u00e9co - Architecture d&#039;int\u00e9rieur et d\u00e9coration<\/title>\n<meta name=\"robots\" content=\"index, follow, max-snippet:-1, max-image-preview:large, max-video-preview:-1\" \/>\n<link rel=\"canonical\" href=\"https:\/\/www.lovelldeco.fr\/bl\/2024\/07\/05\/projet-de-decoration-toulouse-bonnefoy\/\" \/>\n<meta property=\"og:locale\" content=\"fr_FR\" \/>\n<meta property=\"og:type\" content=\"article\" \/>\n<meta property=\"og:title\" content=\"Projet de d\u00e9coration Toulouse Bonnefoy - LOVELL D\u00e9co - Architecture d&#039;int\u00e9rieur et d\u00e9coration\" \/>\n<meta property=\"og:description\" content=\"Dans ce projet, il s&rsquo;agissait de revoir la d\u00e9coration de la pi\u00e8ce \u00e0 vivre. Tout le mobilier se ressemblait. L&rsquo;espace \u00e9tait trop lin\u00e9aire, l&rsquo;ambiance un peu froide. Cahier des charges : Plus de gris au mur. Revoir la d\u00e9coration, le canap\u00e9, le meuble t\u00e9l\u00e9, les accessoires et les luminaires pour un espace plus chaleureux.\" \/>\n<meta property=\"og:url\" content=\"https:\/\/www.lovelldeco.fr\/bl\/2024\/07\/05\/projet-de-decoration-toulouse-bonnefoy\/\" \/>\n<meta property=\"og:site_name\" content=\"LOVELL D\u00e9co - Architecture d&#039;int\u00e9rieur et d\u00e9coration\" \/>\n<meta property=\"article:published_time\" content=\"2024-07-05T11:49:28+00:00\" \/>\n<meta property=\"og:image\" content=\"https:\/\/www.lovelldeco.fr\/bl\/wp-content\/uploads\/2024\/07\/salon-Vignes-1024x576.png\" \/>\n\t<meta property=\"og:image:width\" content=\"1024\" \/>\n\t<meta property=\"og:image:height\" content=\"576\" \/>\n\t<meta property=\"og:image:type\" content=\"image\/png\" \/>\n<meta name=\"author\" content=\"lovell patricia\" \/>\n<meta name=\"twitter:card\" content=\"summary_large_image\" \/>\n<meta name=\"twitter:label1\" content=\"\u00c9crit par\" \/>\n\t<meta name=\"twitter:data1\" content=\"lovell patricia\" \/>\n\t<meta name=\"twitter:label2\" content=\"Dur\u00e9e de lecture estim\u00e9e\" \/>\n\t<meta name=\"twitter:data2\" content=\"1 minute\" \/>\n<script type=\"application\/ld+json\" class=\"yoast-schema-graph\">{\"@context\":\"https:\/\/schema.org\",\"@graph\":[{\"@type\":\"WebPage\",\"@id\":\"https:\/\/www.lovelldeco.fr\/bl\/2024\/07\/05\/projet-de-decoration-toulouse-bonnefoy\/\",\"url\":\"https:\/\/www.lovelldeco.fr\/bl\/2024\/07\/05\/projet-de-decoration-toulouse-bonnefoy\/\",\"name\":\"Projet de d\u00e9coration Toulouse Bonnefoy - LOVELL D\u00e9co - Architecture d&#039;int\u00e9rieur et d\u00e9coration\",\"isPartOf\":{\"@id\":\"https:\/\/www.lovelldeco.fr\/bl\/#website\"},\"primaryImageOfPage\":{\"@id\":\"https:\/\/www.lovelldeco.fr\/bl\/2024\/07\/05\/projet-de-decoration-toulouse-bonnefoy\/#primaryimage\"},\"image\":{\"@id\":\"https:\/\/www.lovelldeco.fr\/bl\/2024\/07\/05\/projet-de-decoration-toulouse-bonnefoy\/#primaryimage\"},\"thumbnailUrl\":\"https:\/\/www.lovelldeco.fr\/bl\/wp-content\/uploads\/2024\/07\/salon-Vignes.png\",\"datePublished\":\"2024-07-05T11:49:28+00:00\",\"author\":{\"@id\":\"https:\/\/www.lovelldeco.fr\/bl\/#\/schema\/person\/39062999c940ea77282199682ae213f9\"},\"breadcrumb\":{\"@id\":\"https:\/\/www.lovelldeco.fr\/bl\/2024\/07\/05\/projet-de-decoration-toulouse-bonnefoy\/#breadcrumb\"},\"inLanguage\":\"fr-FR\",\"potentialAction\":[{\"@type\":\"ReadAction\",\"target\":[\"https:\/\/www.lovelldeco.fr\/bl\/2024\/07\/05\/projet-de-decoration-toulouse-bonnefoy\/\"]}]},{\"@type\":\"ImageObject\",\"inLanguage\":\"fr-FR\",\"@id\":\"https:\/\/www.lovelldeco.fr\/bl\/2024\/07\/05\/projet-de-decoration-toulouse-bonnefoy\/#primaryimage\",\"url\":\"https:\/\/www.lovelldeco.fr\/bl\/wp-content\/uploads\/2024\/07\/salon-Vignes.png\",\"contentUrl\":\"https:\/\/www.lovelldeco.fr\/bl\/wp-content\/uploads\/2024\/07\/salon-Vignes.png\",\"width\":2112,\"height\":1187},{\"@type\":\"BreadcrumbList\",\"@id\":\"https:\/\/www.lovelldeco.fr\/bl\/2024\/07\/05\/projet-de-decoration-toulouse-bonnefoy\/#breadcrumb\",\"itemListElement\":[{\"@type\":\"ListItem\",\"position\":1,\"name\":\"Accueil\",\"item\":\"https:\/\/www.lovelldeco.fr\/bl\/\"},{\"@type\":\"ListItem\",\"position\":2,\"name\":\"Projet de d\u00e9coration Toulouse Bonnefoy\"}]},{\"@type\":\"WebSite\",\"@id\":\"https:\/\/www.lovelldeco.fr\/bl\/#website\",\"url\":\"https:\/\/www.lovelldeco.fr\/bl\/\",\"name\":\"LOVELL D\u00e9co - Architecture d&#039;int\u00e9rieur et d\u00e9coration\",\"description\":\"R\u00e9inventons votre int\u00e9rieur\",\"potentialAction\":[{\"@type\":\"SearchAction\",\"target\":{\"@type\":\"EntryPoint\",\"urlTemplate\":\"https:\/\/www.lovelldeco.fr\/bl\/?s={search_term_string}\"},\"query-input\":{\"@type\":\"PropertyValueSpecification\",\"valueRequired\":true,\"valueName\":\"search_term_string\"}}],\"inLanguage\":\"fr-FR\"},{\"@type\":\"Person\",\"@id\":\"https:\/\/www.lovelldeco.fr\/bl\/#\/schema\/person\/39062999c940ea77282199682ae213f9\",\"name\":\"lovell patricia\",\"image\":{\"@type\":\"ImageObject\",\"inLanguage\":\"fr-FR\",\"@id\":\"https:\/\/www.lovelldeco.fr\/bl\/#\/schema\/person\/image\/\",\"url\":\"https:\/\/secure.gravatar.com\/avatar\/8e4d260d910b5ea661282a3e535989037309b9eae7dddd11417f2c72f96a2364?s=96&d=mm&r=g\",\"contentUrl\":\"https:\/\/secure.gravatar.com\/avatar\/8e4d260d910b5ea661282a3e535989037309b9eae7dddd11417f2c72f96a2364?s=96&d=mm&r=g\",\"caption\":\"lovell patricia\"},\"description\":\"Patricia Lovell vous pr\u00e9sente ses prestations de d\u00e9coration et de home staging par le biais du site www.lovelldeco.fr. lovell patricia\",\"sameAs\":[\"http:\/\/www.lovelldeco.fr\/\"],\"url\":\"https:\/\/www.lovelldeco.fr\/bl\/author\/patyvell\/\"}]}<\/script>\n<!-- \/ Yoast SEO plugin. -->","yoast_head_json":{"title":"Projet de d\u00e9coration Toulouse Bonnefoy - LOVELL D\u00e9co - Architecture d&#039;int\u00e9rieur et d\u00e9coration","robots":{"index":"index","follow":"follow","max-snippet":"max-snippet:-1","max-image-preview":"max-image-preview:large","max-video-preview":"max-video-preview:-1"},"canonical":"https:\/\/www.lovelldeco.fr\/bl\/2024\/07\/05\/projet-de-decoration-toulouse-bonnefoy\/","og_locale":"fr_FR","og_type":"article","og_title":"Projet de d\u00e9coration Toulouse Bonnefoy - LOVELL D\u00e9co - Architecture d&#039;int\u00e9rieur et d\u00e9coration","og_description":"Dans ce projet, il s&rsquo;agissait de revoir la d\u00e9coration de la pi\u00e8ce \u00e0 vivre. Tout le mobilier se ressemblait. L&rsquo;espace \u00e9tait trop lin\u00e9aire, l&rsquo;ambiance un peu froide. Cahier des charges : Plus de gris au mur. Revoir la d\u00e9coration, le canap\u00e9, le meuble t\u00e9l\u00e9, les accessoires et les luminaires pour un espace plus chaleureux.","og_url":"https:\/\/www.lovelldeco.fr\/bl\/2024\/07\/05\/projet-de-decoration-toulouse-bonnefoy\/","og_site_name":"LOVELL D\u00e9co - Architecture d&#039;int\u00e9rieur et d\u00e9coration","article_published_time":"2024-07-05T11:49:28+00:00","og_image":[{"width":1024,"height":576,"url":"https:\/\/www.lovelldeco.fr\/bl\/wp-content\/uploads\/2024\/07\/salon-Vignes-1024x576.png","type":"image\/png"}],"author":"lovell patricia","twitter_card":"summary_large_image","twitter_misc":{"\u00c9crit par":"lovell patricia","Dur\u00e9e de lecture estim\u00e9e":"1 minute"},"schema":{"@context":"https:\/\/schema.org","@graph":[{"@type":"WebPage","@id":"https:\/\/www.lovelldeco.fr\/bl\/2024\/07\/05\/projet-de-decoration-toulouse-bonnefoy\/","url":"https:\/\/www.lovelldeco.fr\/bl\/2024\/07\/05\/projet-de-decoration-toulouse-bonnefoy\/","name":"Projet de d\u00e9coration Toulouse Bonnefoy - LOVELL D\u00e9co - Architecture d&#039;int\u00e9rieur et d\u00e9coration","isPartOf":{"@id":"https:\/\/www.lovelldeco.fr\/bl\/#website"},"primaryImageOfPage":{"@id":"https:\/\/www.lovelldeco.fr\/bl\/2024\/07\/05\/projet-de-decoration-toulouse-bonnefoy\/#primaryimage"},"image":{"@id":"https:\/\/www.lovelldeco.fr\/bl\/2024\/07\/05\/projet-de-decoration-toulouse-bonnefoy\/#primaryimage"},"thumbnailUrl":"https:\/\/www.lovelldeco.fr\/bl\/wp-content\/uploads\/2024\/07\/salon-Vignes.png","datePublished":"2024-07-05T11:49:28+00:00","author":{"@id":"https:\/\/www.lovelldeco.fr\/bl\/#\/schema\/person\/39062999c940ea77282199682ae213f9"},"breadcrumb":{"@id":"https:\/\/www.lovelldeco.fr\/bl\/2024\/07\/05\/projet-de-decoration-toulouse-bonnefoy\/#breadcrumb"},"inLanguage":"fr-FR","potentialAction":[{"@type":"ReadAction","target":["https:\/\/www.lovelldeco.fr\/bl\/2024\/07\/05\/projet-de-decoration-toulouse-bonnefoy\/"]}]},{"@type":"ImageObject","inLanguage":"fr-FR","@id":"https:\/\/www.lovelldeco.fr\/bl\/2024\/07\/05\/projet-de-decoration-toulouse-bonnefoy\/#primaryimage","url":"https:\/\/www.lovelldeco.fr\/bl\/wp-content\/uploads\/2024\/07\/salon-Vignes.png","contentUrl":"https:\/\/www.lovelldeco.fr\/bl\/wp-content\/uploads\/2024\/07\/salon-Vignes.png","width":2112,"height":1187},{"@type":"BreadcrumbList","@id":"https:\/\/www.lovelldeco.fr\/bl\/2024\/07\/05\/projet-de-decoration-toulouse-bonnefoy\/#breadcrumb","itemListElement":[{"@type":"ListItem","position":1,"name":"Accueil","item":"https:\/\/www.lovelldeco.fr\/bl\/"},{"@type":"ListItem","position":2,"name":"Projet de d\u00e9coration Toulouse Bonnefoy"}]},{"@type":"WebSite","@id":"https:\/\/www.lovelldeco.fr\/bl\/#website","url":"https:\/\/www.lovelldeco.fr\/bl\/","name":"LOVELL D\u00e9co - Architecture d&#039;int\u00e9rieur et d\u00e9coration","description":"R\u00e9inventons votre int\u00e9rieur","potentialAction":[{"@type":"SearchAction","target":{"@type":"EntryPoint","urlTemplate":"https:\/\/www.lovelldeco.fr\/bl\/?s={search_term_string}"},"query-input":{"@type":"PropertyValueSpecification","valueRequired":true,"valueName":"search_term_string"}}],"inLanguage":"fr-FR"},{"@type":"Person","@id":"https:\/\/www.lovelldeco.fr\/bl\/#\/schema\/person\/39062999c940ea77282199682ae213f9","name":"lovell patricia","image":{"@type":"ImageObject","inLanguage":"fr-FR","@id":"https:\/\/www.lovelldeco.fr\/bl\/#\/schema\/person\/image\/","url":"https:\/\/secure.gravatar.com\/avatar\/8e4d260d910b5ea661282a3e535989037309b9eae7dddd11417f2c72f96a2364?s=96&d=mm&r=g","contentUrl":"https:\/\/secure.gravatar.com\/avatar\/8e4d260d910b5ea661282a3e535989037309b9eae7dddd11417f2c72f96a2364?s=96&d=mm&r=g","caption":"lovell patricia"},"description":"Patricia Lovell vous pr\u00e9sente ses prestations de d\u00e9coration et de home staging par le biais du site www.lovelldeco.fr. lovell patricia","sameAs":["http:\/\/www.lovelldeco.fr\/"],"url":"https:\/\/www.lovelldeco.fr\/bl\/author\/patyvell\/"}]}},"_links":{"self":[{"href":"https:\/\/www.lovelldeco.fr\/bl\/wp-json\/wp\/v2\/posts\/2153","targetHints":{"allow":["GET"]}}],"collection":[{"href":"https:\/\/www.lovelldeco.fr\/bl\/wp-json\/wp\/v2\/posts"}],"about":[{"href":"https:\/\/www.lovelldeco.fr\/bl\/wp-json\/wp\/v2\/types\/post"}],"author":[{"embeddable":true,"href":"https:\/\/www.lovelldeco.fr\/bl\/wp-json\/wp\/v2\/users\/1"}],"replies":[{"embeddable":true,"href":"https:\/\/www.lovelldeco.fr\/bl\/wp-json\/wp\/v2\/comments?post=2153"}],"version-history":[{"count":1,"href":"https:\/\/www.lovelldeco.fr\/bl\/wp-json\/wp\/v2\/posts\/2153\/revisions"}],"predecessor-version":[{"id":2158,"href":"https:\/\/www.lovelldeco.fr\/bl\/wp-json\/wp\/v2\/posts\/2153\/revisions\/2158"}],"wp:featuredmedia":[{"embeddable":true,"href":"https:\/\/www.lovelldeco.fr\/bl\/wp-json\/wp\/v2\/media\/2155"}],"wp:attachment":[{"href":"https:\/\/www.lovelldeco.fr\/bl\/wp-json\/wp\/v2\/media?parent=2153"}],"wp:term":[{"taxonomy":"category","embeddable":true,"href":"https:\/\/www.lovelldeco.fr\/bl\/wp-json\/wp\/v2\/categories?post=2153"},{"taxonomy":"post_tag","embeddable":true,"href":"https:\/\/www.lovelldeco.fr\/bl\/wp-json\/wp\/v2\/tags?post=2153"}],"curies":[{"name":"wp","href":"https:\/\/api.w.org\/{rel}","templated":true}]}}