{"id":1995,"date":"2023-11-22T19:31:16","date_gmt":"2023-11-22T18:31:16","guid":{"rendered":"https:\/\/www.lovelldeco.fr\/bl\/?p=1995"},"modified":"2024-06-01T09:53:18","modified_gmt":"2024-06-01T08:53:18","slug":"amenagement-des-combles-en-suite-parentale","status":"publish","type":"post","link":"https:\/\/www.lovelldeco.fr\/bl\/2023\/11\/22\/amenagement-des-combles-en-suite-parentale\/","title":{"rendered":"Am\u00e9nagement des combles en suite parentale"},"content":{"rendered":"\n<p>Au d\u00e9part juste un plateau :<\/p>\n\n\n\n<figure class=\"wp-block-image size-full\"><a href=\"https:\/\/www.lovelldeco.fr\/bl\/wp-content\/uploads\/2023\/11\/depart.png\"><img loading=\"lazy\" decoding=\"async\" width=\"616\" height=\"464\" src=\"https:\/\/www.lovelldeco.fr\/bl\/wp-content\/uploads\/2023\/11\/depart.png\" alt=\"\" class=\"wp-image-1996\" srcset=\"https:\/\/www.lovelldeco.fr\/bl\/wp-content\/uploads\/2023\/11\/depart.png 616w, https:\/\/www.lovelldeco.fr\/bl\/wp-content\/uploads\/2023\/11\/depart-300x226.png 300w\" sizes=\"auto, (max-width: 616px) 100vw, 616px\" \/><\/a><\/figure>\n\n\n\n<p><strong>Un espace \u00e0 structurer en chambre, dressing, salle de bain avec Wc et bureau<\/strong><\/p>\n\n\n\n<p><em>Le Projet 3D<\/em><\/p>\n\n\n\n<figure class=\"wp-block-image size-large\"><a href=\"https:\/\/www.lovelldeco.fr\/bl\/wp-content\/uploads\/2023\/11\/le-tout.png\"><img loading=\"lazy\" decoding=\"async\" width=\"1024\" height=\"576\" src=\"https:\/\/www.lovelldeco.fr\/bl\/wp-content\/uploads\/2023\/11\/le-tout-1024x576.png\" alt=\"\" class=\"wp-image-1997\" srcset=\"https:\/\/www.lovelldeco.fr\/bl\/wp-content\/uploads\/2023\/11\/le-tout-1024x576.png 1024w, https:\/\/www.lovelldeco.fr\/bl\/wp-content\/uploads\/2023\/11\/le-tout-300x169.png 300w, https:\/\/www.lovelldeco.fr\/bl\/wp-content\/uploads\/2023\/11\/le-tout-768x432.png 768w, https:\/\/www.lovelldeco.fr\/bl\/wp-content\/uploads\/2023\/11\/le-tout-1536x864.png 1536w, https:\/\/www.lovelldeco.fr\/bl\/wp-content\/uploads\/2023\/11\/le-tout-2048x1152.png 2048w, https:\/\/www.lovelldeco.fr\/bl\/wp-content\/uploads\/2023\/11\/le-tout-624x351.png 624w\" sizes=\"auto, (max-width: 1024px) 100vw, 1024px\" \/><\/a><\/figure>\n\n\n\n<p><\/p>\n\n\n\n<p><strong>La chambre <\/strong>avec la t\u00eate de lit en placo ;  \u00e9tag\u00e8res et prises encastr\u00e9es<\/p>\n\n\n\n<figure class=\"wp-block-image size-large\"><a href=\"https:\/\/www.lovelldeco.fr\/bl\/wp-content\/uploads\/2023\/11\/chambre-e.png\"><img loading=\"lazy\" decoding=\"async\" width=\"1024\" height=\"575\" src=\"https:\/\/www.lovelldeco.fr\/bl\/wp-content\/uploads\/2023\/11\/chambre-e-1024x575.png\" alt=\"\" class=\"wp-image-1998\" srcset=\"https:\/\/www.lovelldeco.fr\/bl\/wp-content\/uploads\/2023\/11\/chambre-e-1024x575.png 1024w, https:\/\/www.lovelldeco.fr\/bl\/wp-content\/uploads\/2023\/11\/chambre-e-300x169.png 300w, https:\/\/www.lovelldeco.fr\/bl\/wp-content\/uploads\/2023\/11\/chambre-e-768x431.png 768w, https:\/\/www.lovelldeco.fr\/bl\/wp-content\/uploads\/2023\/11\/chambre-e-1536x863.png 1536w, https:\/\/www.lovelldeco.fr\/bl\/wp-content\/uploads\/2023\/11\/chambre-e-2048x1151.png 2048w, https:\/\/www.lovelldeco.fr\/bl\/wp-content\/uploads\/2023\/11\/chambre-e-624x351.png 624w\" sizes=\"auto, (max-width: 1024px) 100vw, 1024px\" \/><\/a><\/figure>\n\n\n\n<p><\/p>\n\n\n\n<figure class=\"wp-block-image size-large\"><a href=\"https:\/\/www.lovelldeco.fr\/bl\/wp-content\/uploads\/2024\/06\/20240531151320.png\"><img loading=\"lazy\" decoding=\"async\" width=\"1024\" height=\"770\" src=\"https:\/\/www.lovelldeco.fr\/bl\/wp-content\/uploads\/2024\/06\/20240531151320-1024x770.png\" alt=\"\" class=\"wp-image-2138\" srcset=\"https:\/\/www.lovelldeco.fr\/bl\/wp-content\/uploads\/2024\/06\/20240531151320-1024x770.png 1024w, https:\/\/www.lovelldeco.fr\/bl\/wp-content\/uploads\/2024\/06\/20240531151320-300x226.png 300w, https:\/\/www.lovelldeco.fr\/bl\/wp-content\/uploads\/2024\/06\/20240531151320-768x578.png 768w, https:\/\/www.lovelldeco.fr\/bl\/wp-content\/uploads\/2024\/06\/20240531151320-624x469.png 624w, https:\/\/www.lovelldeco.fr\/bl\/wp-content\/uploads\/2024\/06\/20240531151320.png 1251w\" sizes=\"auto, (max-width: 1024px) 100vw, 1024px\" \/><\/a><figcaption class=\"wp-element-caption\">R\u00e9alisation<\/figcaption><\/figure>\n\n\n\n<p><strong>Avant ,<\/strong> des \u00e9tag\u00e8res <\/p>\n\n\n\n<figure class=\"wp-block-image size-full\"><a href=\"https:\/\/www.lovelldeco.fr\/bl\/wp-content\/uploads\/2023\/11\/bureau1.png\"><img loading=\"lazy\" decoding=\"async\" width=\"568\" height=\"402\" src=\"https:\/\/www.lovelldeco.fr\/bl\/wp-content\/uploads\/2023\/11\/bureau1.png\" alt=\"\" class=\"wp-image-1999\" srcset=\"https:\/\/www.lovelldeco.fr\/bl\/wp-content\/uploads\/2023\/11\/bureau1.png 568w, https:\/\/www.lovelldeco.fr\/bl\/wp-content\/uploads\/2023\/11\/bureau1-300x212.png 300w\" sizes=\"auto, (max-width: 568px) 100vw, 568px\" \/><\/a><\/figure>\n\n\n\n<p><strong>Le projet : un espace bureau<\/strong><\/p>\n\n\n\n<figure class=\"wp-block-image size-large is-resized\"><a href=\"https:\/\/www.lovelldeco.fr\/bl\/wp-content\/uploads\/2023\/11\/bureau2.png\"><img loading=\"lazy\" decoding=\"async\" src=\"https:\/\/www.lovelldeco.fr\/bl\/wp-content\/uploads\/2023\/11\/bureau2-1024x576.png\" alt=\"\" class=\"wp-image-2000\" width=\"656\" height=\"369\" srcset=\"https:\/\/www.lovelldeco.fr\/bl\/wp-content\/uploads\/2023\/11\/bureau2-1024x576.png 1024w, https:\/\/www.lovelldeco.fr\/bl\/wp-content\/uploads\/2023\/11\/bureau2-300x169.png 300w, https:\/\/www.lovelldeco.fr\/bl\/wp-content\/uploads\/2023\/11\/bureau2-768x432.png 768w, https:\/\/www.lovelldeco.fr\/bl\/wp-content\/uploads\/2023\/11\/bureau2-1536x864.png 1536w, https:\/\/www.lovelldeco.fr\/bl\/wp-content\/uploads\/2023\/11\/bureau2-2048x1153.png 2048w, https:\/\/www.lovelldeco.fr\/bl\/wp-content\/uploads\/2023\/11\/bureau2-624x351.png 624w\" sizes=\"auto, (max-width: 656px) 100vw, 656px\" \/><\/a><\/figure>\n\n\n\n<p><strong>Le dressing<\/strong> <\/p>\n\n\n\n<figure class=\"wp-block-image size-large\"><a href=\"https:\/\/www.lovelldeco.fr\/bl\/wp-content\/uploads\/2023\/11\/dressing2.png\"><img loading=\"lazy\" decoding=\"async\" width=\"1024\" height=\"575\" src=\"https:\/\/www.lovelldeco.fr\/bl\/wp-content\/uploads\/2023\/11\/dressing2-1024x575.png\" alt=\"\" class=\"wp-image-2001\" srcset=\"https:\/\/www.lovelldeco.fr\/bl\/wp-content\/uploads\/2023\/11\/dressing2-1024x575.png 1024w, https:\/\/www.lovelldeco.fr\/bl\/wp-content\/uploads\/2023\/11\/dressing2-300x169.png 300w, https:\/\/www.lovelldeco.fr\/bl\/wp-content\/uploads\/2023\/11\/dressing2-768x431.png 768w, https:\/\/www.lovelldeco.fr\/bl\/wp-content\/uploads\/2023\/11\/dressing2-1536x863.png 1536w, https:\/\/www.lovelldeco.fr\/bl\/wp-content\/uploads\/2023\/11\/dressing2-2048x1151.png 2048w, https:\/\/www.lovelldeco.fr\/bl\/wp-content\/uploads\/2023\/11\/dressing2-624x351.png 624w\" sizes=\"auto, (max-width: 1024px) 100vw, 1024px\" \/><\/a><\/figure>\n\n\n\n<p><strong>La salle de bain <\/strong>en z\u00e9lliges<\/p>\n\n\n\n<figure class=\"wp-block-image size-large\"><a href=\"https:\/\/www.lovelldeco.fr\/bl\/wp-content\/uploads\/2023\/11\/sdbh.png\"><img loading=\"lazy\" decoding=\"async\" width=\"1024\" height=\"576\" src=\"https:\/\/www.lovelldeco.fr\/bl\/wp-content\/uploads\/2023\/11\/sdbh-1024x576.png\" alt=\"\" class=\"wp-image-2002\" srcset=\"https:\/\/www.lovelldeco.fr\/bl\/wp-content\/uploads\/2023\/11\/sdbh-1024x576.png 1024w, https:\/\/www.lovelldeco.fr\/bl\/wp-content\/uploads\/2023\/11\/sdbh-300x169.png 300w, https:\/\/www.lovelldeco.fr\/bl\/wp-content\/uploads\/2023\/11\/sdbh-768x432.png 768w, https:\/\/www.lovelldeco.fr\/bl\/wp-content\/uploads\/2023\/11\/sdbh-1536x864.png 1536w, https:\/\/www.lovelldeco.fr\/bl\/wp-content\/uploads\/2023\/11\/sdbh-624x351.png 624w, https:\/\/www.lovelldeco.fr\/bl\/wp-content\/uploads\/2023\/11\/sdbh.png 1987w\" sizes=\"auto, (max-width: 1024px) 100vw, 1024px\" \/><\/a><\/figure>\n\n\n\n<p><strong>La R\u00e9alisation<\/strong><\/p>\n\n\n\n<figure class=\"wp-block-video\"><video controls src=\"https:\/\/www.lovelldeco.fr\/bl\/wp-content\/uploads\/2023\/11\/IMG_3141-1.mov\"><\/video><\/figure>\n\n\n\n<figure class=\"wp-block-gallery has-nested-images columns-default is-cropped wp-block-gallery-1 is-layout-flex wp-block-gallery-is-layout-flex\"><\/figure>\n","protected":false},"excerpt":{"rendered":"<p>Au d\u00e9part juste un plateau : Un espace \u00e0 structurer en chambre, dressing, salle de bain avec Wc et bureau Le Projet 3D La chambre avec la t\u00eate de lit en placo ; \u00e9tag\u00e8res et prises encastr\u00e9es Avant , des \u00e9tag\u00e8res Le projet : un espace bureau Le dressing La salle de bain en z\u00e9lliges [&hellip;]<\/p>\n","protected":false},"author":1,"featured_media":2138,"comment_status":"closed","ping_status":"closed","sticky":false,"template":"","format":"standard","meta":{"footnotes":""},"categories":[121,135,122,95,99,108,104,136,164,143,170,169,165,133,109,103,1,98,115,94,113,114,116],"tags":[172,69,63,4,3,16,9,48,171,35,173,61],"class_list":["post-1995","post","type-post","status-publish","format-standard","has-post-thumbnail","hentry","category-3d-photo-realistes","category-agencement","category-amenagement-a-partir-dun-plan","category-amenagement-interieur","category-architecture-dinterieur","category-astuce-deco","category-carcassonne","category-conception-architecturale","category-conception-decoration","category-decoration-chaleureuse","category-decoration-montpellier","category-decoration-narbonne","category-decoratrice","category-departement-31","category-lovelldeco","category-montpellier","category-non-classe","category-optimisation-de-lespace","category-photos-avant-apres","category-region-toulousaine","category-renovation","category-renovation-amenagement-interieur","category-sous-les-toits","tag-agencement","tag-ambiance-chaleureuse","tag-architecture-dinterieur","tag-deco","tag-decoration","tag-decoration-contemporaine","tag-decoration-inspiration","tag-decoration-interieure","tag-fan-de-deco","tag-idees-deco","tag-suite-parentale","tag-toulouse"],"yoast_head":"<!-- This site is optimized with the Yoast SEO plugin v25.7 - https:\/\/yoast.com\/wordpress\/plugins\/seo\/ -->\n<title>Am\u00e9nagement des combles en suite parentale - LOVELL D\u00e9co - Architecture d&#039;int\u00e9rieur et d\u00e9coration<\/title>\n<meta name=\"robots\" content=\"index, follow, max-snippet:-1, max-image-preview:large, max-video-preview:-1\" \/>\n<link rel=\"canonical\" href=\"https:\/\/www.lovelldeco.fr\/bl\/2023\/11\/22\/amenagement-des-combles-en-suite-parentale\/\" \/>\n<meta property=\"og:locale\" content=\"fr_FR\" \/>\n<meta property=\"og:type\" content=\"article\" \/>\n<meta property=\"og:title\" content=\"Am\u00e9nagement des combles en suite parentale - LOVELL D\u00e9co - Architecture d&#039;int\u00e9rieur et d\u00e9coration\" \/>\n<meta property=\"og:description\" content=\"Au d\u00e9part juste un plateau : Un espace \u00e0 structurer en chambre, dressing, salle de bain avec Wc et bureau Le Projet 3D La chambre avec la t\u00eate de lit en placo ; \u00e9tag\u00e8res et prises encastr\u00e9es Avant , des \u00e9tag\u00e8res Le projet : un espace bureau Le dressing La salle de bain en z\u00e9lliges [&hellip;]\" \/>\n<meta property=\"og:url\" content=\"https:\/\/www.lovelldeco.fr\/bl\/2023\/11\/22\/amenagement-des-combles-en-suite-parentale\/\" \/>\n<meta property=\"og:site_name\" content=\"LOVELL D\u00e9co - Architecture d&#039;int\u00e9rieur et d\u00e9coration\" \/>\n<meta property=\"article:published_time\" content=\"2023-11-22T18:31:16+00:00\" \/>\n<meta property=\"article:modified_time\" content=\"2024-06-01T08:53:18+00:00\" \/>\n<meta property=\"og:image\" content=\"https:\/\/www.lovelldeco.fr\/bl\/wp-content\/uploads\/2024\/06\/20240531151320.png\" \/>\n\t<meta property=\"og:image:width\" content=\"1251\" \/>\n\t<meta property=\"og:image:height\" content=\"941\" \/>\n\t<meta property=\"og:image:type\" content=\"image\/png\" \/>\n<meta name=\"author\" content=\"lovell patricia\" \/>\n<meta name=\"twitter:card\" content=\"summary_large_image\" \/>\n<meta name=\"twitter:label1\" content=\"\u00c9crit par\" \/>\n\t<meta name=\"twitter:data1\" content=\"lovell patricia\" \/>\n<script type=\"application\/ld+json\" class=\"yoast-schema-graph\">{\"@context\":\"https:\/\/schema.org\",\"@graph\":[{\"@type\":\"WebPage\",\"@id\":\"https:\/\/www.lovelldeco.fr\/bl\/2023\/11\/22\/amenagement-des-combles-en-suite-parentale\/\",\"url\":\"https:\/\/www.lovelldeco.fr\/bl\/2023\/11\/22\/amenagement-des-combles-en-suite-parentale\/\",\"name\":\"Am\u00e9nagement des combles en suite parentale - LOVELL D\u00e9co - Architecture d&#039;int\u00e9rieur et d\u00e9coration\",\"isPartOf\":{\"@id\":\"https:\/\/www.lovelldeco.fr\/bl\/#website\"},\"primaryImageOfPage\":{\"@id\":\"https:\/\/www.lovelldeco.fr\/bl\/2023\/11\/22\/amenagement-des-combles-en-suite-parentale\/#primaryimage\"},\"image\":{\"@id\":\"https:\/\/www.lovelldeco.fr\/bl\/2023\/11\/22\/amenagement-des-combles-en-suite-parentale\/#primaryimage\"},\"thumbnailUrl\":\"https:\/\/www.lovelldeco.fr\/bl\/wp-content\/uploads\/2024\/06\/20240531151320.png\",\"datePublished\":\"2023-11-22T18:31:16+00:00\",\"dateModified\":\"2024-06-01T08:53:18+00:00\",\"author\":{\"@id\":\"https:\/\/www.lovelldeco.fr\/bl\/#\/schema\/person\/39062999c940ea77282199682ae213f9\"},\"breadcrumb\":{\"@id\":\"https:\/\/www.lovelldeco.fr\/bl\/2023\/11\/22\/amenagement-des-combles-en-suite-parentale\/#breadcrumb\"},\"inLanguage\":\"fr-FR\",\"potentialAction\":[{\"@type\":\"ReadAction\",\"target\":[\"https:\/\/www.lovelldeco.fr\/bl\/2023\/11\/22\/amenagement-des-combles-en-suite-parentale\/\"]}]},{\"@type\":\"ImageObject\",\"inLanguage\":\"fr-FR\",\"@id\":\"https:\/\/www.lovelldeco.fr\/bl\/2023\/11\/22\/amenagement-des-combles-en-suite-parentale\/#primaryimage\",\"url\":\"https:\/\/www.lovelldeco.fr\/bl\/wp-content\/uploads\/2024\/06\/20240531151320.png\",\"contentUrl\":\"https:\/\/www.lovelldeco.fr\/bl\/wp-content\/uploads\/2024\/06\/20240531151320.png\",\"width\":1251,\"height\":941},{\"@type\":\"BreadcrumbList\",\"@id\":\"https:\/\/www.lovelldeco.fr\/bl\/2023\/11\/22\/amenagement-des-combles-en-suite-parentale\/#breadcrumb\",\"itemListElement\":[{\"@type\":\"ListItem\",\"position\":1,\"name\":\"Accueil\",\"item\":\"https:\/\/www.lovelldeco.fr\/bl\/\"},{\"@type\":\"ListItem\",\"position\":2,\"name\":\"Am\u00e9nagement des combles en suite parentale\"}]},{\"@type\":\"WebSite\",\"@id\":\"https:\/\/www.lovelldeco.fr\/bl\/#website\",\"url\":\"https:\/\/www.lovelldeco.fr\/bl\/\",\"name\":\"LOVELL D\u00e9co - Architecture d&#039;int\u00e9rieur et d\u00e9coration\",\"description\":\"R\u00e9inventons votre int\u00e9rieur\",\"potentialAction\":[{\"@type\":\"SearchAction\",\"target\":{\"@type\":\"EntryPoint\",\"urlTemplate\":\"https:\/\/www.lovelldeco.fr\/bl\/?s={search_term_string}\"},\"query-input\":{\"@type\":\"PropertyValueSpecification\",\"valueRequired\":true,\"valueName\":\"search_term_string\"}}],\"inLanguage\":\"fr-FR\"},{\"@type\":\"Person\",\"@id\":\"https:\/\/www.lovelldeco.fr\/bl\/#\/schema\/person\/39062999c940ea77282199682ae213f9\",\"name\":\"lovell patricia\",\"image\":{\"@type\":\"ImageObject\",\"inLanguage\":\"fr-FR\",\"@id\":\"https:\/\/www.lovelldeco.fr\/bl\/#\/schema\/person\/image\/\",\"url\":\"https:\/\/secure.gravatar.com\/avatar\/8e4d260d910b5ea661282a3e535989037309b9eae7dddd11417f2c72f96a2364?s=96&d=mm&r=g\",\"contentUrl\":\"https:\/\/secure.gravatar.com\/avatar\/8e4d260d910b5ea661282a3e535989037309b9eae7dddd11417f2c72f96a2364?s=96&d=mm&r=g\",\"caption\":\"lovell patricia\"},\"description\":\"Patricia Lovell vous pr\u00e9sente ses prestations de d\u00e9coration et de home staging par le biais du site www.lovelldeco.fr. lovell patricia\",\"sameAs\":[\"http:\/\/www.lovelldeco.fr\/\"],\"url\":\"https:\/\/www.lovelldeco.fr\/bl\/author\/patyvell\/\"}]}<\/script>\n<!-- \/ Yoast SEO plugin. -->","yoast_head_json":{"title":"Am\u00e9nagement des combles en suite parentale - LOVELL D\u00e9co - Architecture d&#039;int\u00e9rieur et d\u00e9coration","robots":{"index":"index","follow":"follow","max-snippet":"max-snippet:-1","max-image-preview":"max-image-preview:large","max-video-preview":"max-video-preview:-1"},"canonical":"https:\/\/www.lovelldeco.fr\/bl\/2023\/11\/22\/amenagement-des-combles-en-suite-parentale\/","og_locale":"fr_FR","og_type":"article","og_title":"Am\u00e9nagement des combles en suite parentale - LOVELL D\u00e9co - Architecture d&#039;int\u00e9rieur et d\u00e9coration","og_description":"Au d\u00e9part juste un plateau : Un espace \u00e0 structurer en chambre, dressing, salle de bain avec Wc et bureau Le Projet 3D La chambre avec la t\u00eate de lit en placo ; \u00e9tag\u00e8res et prises encastr\u00e9es Avant , des \u00e9tag\u00e8res Le projet : un espace bureau Le dressing La salle de bain en z\u00e9lliges [&hellip;]","og_url":"https:\/\/www.lovelldeco.fr\/bl\/2023\/11\/22\/amenagement-des-combles-en-suite-parentale\/","og_site_name":"LOVELL D\u00e9co - Architecture d&#039;int\u00e9rieur et d\u00e9coration","article_published_time":"2023-11-22T18:31:16+00:00","article_modified_time":"2024-06-01T08:53:18+00:00","og_image":[{"width":1251,"height":941,"url":"https:\/\/www.lovelldeco.fr\/bl\/wp-content\/uploads\/2024\/06\/20240531151320.png","type":"image\/png"}],"author":"lovell patricia","twitter_card":"summary_large_image","twitter_misc":{"\u00c9crit par":"lovell patricia"},"schema":{"@context":"https:\/\/schema.org","@graph":[{"@type":"WebPage","@id":"https:\/\/www.lovelldeco.fr\/bl\/2023\/11\/22\/amenagement-des-combles-en-suite-parentale\/","url":"https:\/\/www.lovelldeco.fr\/bl\/2023\/11\/22\/amenagement-des-combles-en-suite-parentale\/","name":"Am\u00e9nagement des combles en suite parentale - LOVELL D\u00e9co - Architecture d&#039;int\u00e9rieur et d\u00e9coration","isPartOf":{"@id":"https:\/\/www.lovelldeco.fr\/bl\/#website"},"primaryImageOfPage":{"@id":"https:\/\/www.lovelldeco.fr\/bl\/2023\/11\/22\/amenagement-des-combles-en-suite-parentale\/#primaryimage"},"image":{"@id":"https:\/\/www.lovelldeco.fr\/bl\/2023\/11\/22\/amenagement-des-combles-en-suite-parentale\/#primaryimage"},"thumbnailUrl":"https:\/\/www.lovelldeco.fr\/bl\/wp-content\/uploads\/2024\/06\/20240531151320.png","datePublished":"2023-11-22T18:31:16+00:00","dateModified":"2024-06-01T08:53:18+00:00","author":{"@id":"https:\/\/www.lovelldeco.fr\/bl\/#\/schema\/person\/39062999c940ea77282199682ae213f9"},"breadcrumb":{"@id":"https:\/\/www.lovelldeco.fr\/bl\/2023\/11\/22\/amenagement-des-combles-en-suite-parentale\/#breadcrumb"},"inLanguage":"fr-FR","potentialAction":[{"@type":"ReadAction","target":["https:\/\/www.lovelldeco.fr\/bl\/2023\/11\/22\/amenagement-des-combles-en-suite-parentale\/"]}]},{"@type":"ImageObject","inLanguage":"fr-FR","@id":"https:\/\/www.lovelldeco.fr\/bl\/2023\/11\/22\/amenagement-des-combles-en-suite-parentale\/#primaryimage","url":"https:\/\/www.lovelldeco.fr\/bl\/wp-content\/uploads\/2024\/06\/20240531151320.png","contentUrl":"https:\/\/www.lovelldeco.fr\/bl\/wp-content\/uploads\/2024\/06\/20240531151320.png","width":1251,"height":941},{"@type":"BreadcrumbList","@id":"https:\/\/www.lovelldeco.fr\/bl\/2023\/11\/22\/amenagement-des-combles-en-suite-parentale\/#breadcrumb","itemListElement":[{"@type":"ListItem","position":1,"name":"Accueil","item":"https:\/\/www.lovelldeco.fr\/bl\/"},{"@type":"ListItem","position":2,"name":"Am\u00e9nagement des combles en suite parentale"}]},{"@type":"WebSite","@id":"https:\/\/www.lovelldeco.fr\/bl\/#website","url":"https:\/\/www.lovelldeco.fr\/bl\/","name":"LOVELL D\u00e9co - Architecture d&#039;int\u00e9rieur et d\u00e9coration","description":"R\u00e9inventons votre int\u00e9rieur","potentialAction":[{"@type":"SearchAction","target":{"@type":"EntryPoint","urlTemplate":"https:\/\/www.lovelldeco.fr\/bl\/?s={search_term_string}"},"query-input":{"@type":"PropertyValueSpecification","valueRequired":true,"valueName":"search_term_string"}}],"inLanguage":"fr-FR"},{"@type":"Person","@id":"https:\/\/www.lovelldeco.fr\/bl\/#\/schema\/person\/39062999c940ea77282199682ae213f9","name":"lovell patricia","image":{"@type":"ImageObject","inLanguage":"fr-FR","@id":"https:\/\/www.lovelldeco.fr\/bl\/#\/schema\/person\/image\/","url":"https:\/\/secure.gravatar.com\/avatar\/8e4d260d910b5ea661282a3e535989037309b9eae7dddd11417f2c72f96a2364?s=96&d=mm&r=g","contentUrl":"https:\/\/secure.gravatar.com\/avatar\/8e4d260d910b5ea661282a3e535989037309b9eae7dddd11417f2c72f96a2364?s=96&d=mm&r=g","caption":"lovell patricia"},"description":"Patricia Lovell vous pr\u00e9sente ses prestations de d\u00e9coration et de home staging par le biais du site www.lovelldeco.fr. lovell patricia","sameAs":["http:\/\/www.lovelldeco.fr\/"],"url":"https:\/\/www.lovelldeco.fr\/bl\/author\/patyvell\/"}]}},"_links":{"self":[{"href":"https:\/\/www.lovelldeco.fr\/bl\/wp-json\/wp\/v2\/posts\/1995","targetHints":{"allow":["GET"]}}],"collection":[{"href":"https:\/\/www.lovelldeco.fr\/bl\/wp-json\/wp\/v2\/posts"}],"about":[{"href":"https:\/\/www.lovelldeco.fr\/bl\/wp-json\/wp\/v2\/types\/post"}],"author":[{"embeddable":true,"href":"https:\/\/www.lovelldeco.fr\/bl\/wp-json\/wp\/v2\/users\/1"}],"replies":[{"embeddable":true,"href":"https:\/\/www.lovelldeco.fr\/bl\/wp-json\/wp\/v2\/comments?post=1995"}],"version-history":[{"count":5,"href":"https:\/\/www.lovelldeco.fr\/bl\/wp-json\/wp\/v2\/posts\/1995\/revisions"}],"predecessor-version":[{"id":2139,"href":"https:\/\/www.lovelldeco.fr\/bl\/wp-json\/wp\/v2\/posts\/1995\/revisions\/2139"}],"wp:featuredmedia":[{"embeddable":true,"href":"https:\/\/www.lovelldeco.fr\/bl\/wp-json\/wp\/v2\/media\/2138"}],"wp:attachment":[{"href":"https:\/\/www.lovelldeco.fr\/bl\/wp-json\/wp\/v2\/media?parent=1995"}],"wp:term":[{"taxonomy":"category","embeddable":true,"href":"https:\/\/www.lovelldeco.fr\/bl\/wp-json\/wp\/v2\/categories?post=1995"},{"taxonomy":"post_tag","embeddable":true,"href":"https:\/\/www.lovelldeco.fr\/bl\/wp-json\/wp\/v2\/tags?post=1995"}],"curies":[{"name":"wp","href":"https:\/\/api.w.org\/{rel}","templated":true}]}}