{"id":1835,"date":"2022-07-08T13:30:18","date_gmt":"2022-07-08T12:30:18","guid":{"rendered":"http:\/\/www.lovelldeco.fr\/bl\/?p=1835"},"modified":"2022-07-08T13:30:18","modified_gmt":"2022-07-08T12:30:18","slug":"renovation-t2-pour-du-locatif-toulouse","status":"publish","type":"post","link":"https:\/\/www.lovelldeco.fr\/bl\/2022\/07\/08\/renovation-t2-pour-du-locatif-toulouse\/","title":{"rendered":"RENOVATION T2 POUR DU LOCATIF-TOULOUSE"},"content":{"rendered":"\n<p>Conception (plans 2D et images 3D), liste d&rsquo;achats, travaux et mise en place.<\/p>\n\n\n\n<div class=\"wp-block-image\"><figure class=\"alignleft size-full\"><a href=\"http:\/\/www.lovelldeco.fr\/bl\/wp-content\/uploads\/2022\/07\/Screenshot-2022-07-06_18-35-00-566.png\"><img loading=\"lazy\" decoding=\"async\" width=\"892\" height=\"504\" src=\"http:\/\/www.lovelldeco.fr\/bl\/wp-content\/uploads\/2022\/07\/Screenshot-2022-07-06_18-35-00-566.png\" alt=\"\" class=\"wp-image-1836\" srcset=\"https:\/\/www.lovelldeco.fr\/bl\/wp-content\/uploads\/2022\/07\/Screenshot-2022-07-06_18-35-00-566.png 892w, https:\/\/www.lovelldeco.fr\/bl\/wp-content\/uploads\/2022\/07\/Screenshot-2022-07-06_18-35-00-566-300x170.png 300w, https:\/\/www.lovelldeco.fr\/bl\/wp-content\/uploads\/2022\/07\/Screenshot-2022-07-06_18-35-00-566-768x434.png 768w, https:\/\/www.lovelldeco.fr\/bl\/wp-content\/uploads\/2022\/07\/Screenshot-2022-07-06_18-35-00-566-624x353.png 624w\" sizes=\"auto, (max-width: 892px) 100vw, 892px\" \/><\/a><figcaption>Conception 3D -Vue 1<\/figcaption><\/figure><\/div>\n\n\n\n<figure class=\"wp-block-image size-full\"><a href=\"http:\/\/www.lovelldeco.fr\/bl\/wp-content\/uploads\/2022\/07\/Screenshot-2022-07-06_18-34-05-443.png\"><img loading=\"lazy\" decoding=\"async\" width=\"896\" height=\"506\" src=\"http:\/\/www.lovelldeco.fr\/bl\/wp-content\/uploads\/2022\/07\/Screenshot-2022-07-06_18-34-05-443.png\" alt=\"\" class=\"wp-image-1837\" srcset=\"https:\/\/www.lovelldeco.fr\/bl\/wp-content\/uploads\/2022\/07\/Screenshot-2022-07-06_18-34-05-443.png 896w, https:\/\/www.lovelldeco.fr\/bl\/wp-content\/uploads\/2022\/07\/Screenshot-2022-07-06_18-34-05-443-300x169.png 300w, https:\/\/www.lovelldeco.fr\/bl\/wp-content\/uploads\/2022\/07\/Screenshot-2022-07-06_18-34-05-443-768x434.png 768w, https:\/\/www.lovelldeco.fr\/bl\/wp-content\/uploads\/2022\/07\/Screenshot-2022-07-06_18-34-05-443-624x352.png 624w\" sizes=\"auto, (max-width: 896px) 100vw, 896px\" \/><\/a><\/figure>\n\n\n\n<p>Conception 3D -Vue 2<\/p>\n\n\n\n<figure class=\"wp-block-gallery columns-1 is-cropped wp-block-gallery-1 is-layout-flex wp-block-gallery-is-layout-flex\"><ul class=\"blocks-gallery-grid\"><li class=\"blocks-gallery-item\"><figure><a href=\"http:\/\/www.lovelldeco.fr\/bl\/wp-content\/uploads\/2022\/07\/MLP-copie-2.jpg\"><img loading=\"lazy\" decoding=\"async\" width=\"1024\" height=\"576\" src=\"http:\/\/www.lovelldeco.fr\/bl\/wp-content\/uploads\/2022\/07\/MLP-copie-2-1024x576.jpg\" alt=\"\" data-id=\"1845\" data-full-url=\"http:\/\/www.lovelldeco.fr\/bl\/wp-content\/uploads\/2022\/07\/MLP-copie-2.jpg\" data-link=\"http:\/\/www.lovelldeco.fr\/bl\/?attachment_id=1845\" class=\"wp-image-1845\" srcset=\"https:\/\/www.lovelldeco.fr\/bl\/wp-content\/uploads\/2022\/07\/MLP-copie-2-1024x576.jpg 1024w, https:\/\/www.lovelldeco.fr\/bl\/wp-content\/uploads\/2022\/07\/MLP-copie-2-300x169.jpg 300w, https:\/\/www.lovelldeco.fr\/bl\/wp-content\/uploads\/2022\/07\/MLP-copie-2-768x432.jpg 768w, https:\/\/www.lovelldeco.fr\/bl\/wp-content\/uploads\/2022\/07\/MLP-copie-2-624x351.jpg 624w, https:\/\/www.lovelldeco.fr\/bl\/wp-content\/uploads\/2022\/07\/MLP-copie-2.jpg 1280w\" sizes=\"auto, (max-width: 1024px) 100vw, 1024px\" \/><\/a><\/figure><\/li><\/ul><\/figure>\n\n\n\n<p>Plan d&rsquo;agencement 3D<\/p>\n\n\n\n<figure class=\"wp-block-image size-large\"><a href=\"http:\/\/www.lovelldeco.fr\/bl\/wp-content\/uploads\/2022\/07\/Screenshot-2022-07-08_13-54-06-498.png\"><img loading=\"lazy\" decoding=\"async\" width=\"1024\" height=\"766\" src=\"http:\/\/www.lovelldeco.fr\/bl\/wp-content\/uploads\/2022\/07\/Screenshot-2022-07-08_13-54-06-498-1024x766.png\" alt=\"\" class=\"wp-image-1840\" srcset=\"https:\/\/www.lovelldeco.fr\/bl\/wp-content\/uploads\/2022\/07\/Screenshot-2022-07-08_13-54-06-498-1024x766.png 1024w, https:\/\/www.lovelldeco.fr\/bl\/wp-content\/uploads\/2022\/07\/Screenshot-2022-07-08_13-54-06-498-300x224.png 300w, https:\/\/www.lovelldeco.fr\/bl\/wp-content\/uploads\/2022\/07\/Screenshot-2022-07-08_13-54-06-498-768x574.png 768w, https:\/\/www.lovelldeco.fr\/bl\/wp-content\/uploads\/2022\/07\/Screenshot-2022-07-08_13-54-06-498-624x467.png 624w, https:\/\/www.lovelldeco.fr\/bl\/wp-content\/uploads\/2022\/07\/Screenshot-2022-07-08_13-54-06-498.png 1289w\" sizes=\"auto, (max-width: 1024px) 100vw, 1024px\" \/><\/a><figcaption>Avant<\/figcaption><\/figure>\n\n\n\n<figure class=\"wp-block-gallery columns-1 is-cropped wp-block-gallery-2 is-layout-flex wp-block-gallery-is-layout-flex\"><ul class=\"blocks-gallery-grid\"><li class=\"blocks-gallery-item\"><figure><a href=\"http:\/\/www.lovelldeco.fr\/bl\/wp-content\/uploads\/2022\/07\/IMG_0356-copie-1-scaled.jpg\"><img loading=\"lazy\" decoding=\"async\" width=\"1024\" height=\"768\" src=\"http:\/\/www.lovelldeco.fr\/bl\/wp-content\/uploads\/2022\/07\/IMG_0356-copie-1-1024x768.jpg\" alt=\"\" data-id=\"1846\" data-full-url=\"http:\/\/www.lovelldeco.fr\/bl\/wp-content\/uploads\/2022\/07\/IMG_0356-copie-1-scaled.jpg\" data-link=\"http:\/\/www.lovelldeco.fr\/bl\/?attachment_id=1846\" class=\"wp-image-1846\" srcset=\"https:\/\/www.lovelldeco.fr\/bl\/wp-content\/uploads\/2022\/07\/IMG_0356-copie-1-1024x768.jpg 1024w, https:\/\/www.lovelldeco.fr\/bl\/wp-content\/uploads\/2022\/07\/IMG_0356-copie-1-300x225.jpg 300w, https:\/\/www.lovelldeco.fr\/bl\/wp-content\/uploads\/2022\/07\/IMG_0356-copie-1-768x576.jpg 768w, https:\/\/www.lovelldeco.fr\/bl\/wp-content\/uploads\/2022\/07\/IMG_0356-copie-1-1536x1152.jpg 1536w, https:\/\/www.lovelldeco.fr\/bl\/wp-content\/uploads\/2022\/07\/IMG_0356-copie-1-2048x1536.jpg 2048w, https:\/\/www.lovelldeco.fr\/bl\/wp-content\/uploads\/2022\/07\/IMG_0356-copie-1-624x468.jpg 624w\" sizes=\"auto, (max-width: 1024px) 100vw, 1024px\" \/><\/a><figcaption class=\"blocks-gallery-item__caption\">Apr\u00e8s<\/figcaption><\/figure><\/li><\/ul><\/figure>\n\n\n\n<figure class=\"wp-block-image size-large\"><a href=\"http:\/\/www.lovelldeco.fr\/bl\/wp-content\/uploads\/2022\/07\/Screenshot-2022-07-08_13-56-34-010-1.png\"><img loading=\"lazy\" decoding=\"async\" width=\"1024\" height=\"767\" src=\"http:\/\/www.lovelldeco.fr\/bl\/wp-content\/uploads\/2022\/07\/Screenshot-2022-07-08_13-56-34-010-1-1024x767.png\" alt=\"\" class=\"wp-image-1847\" srcset=\"https:\/\/www.lovelldeco.fr\/bl\/wp-content\/uploads\/2022\/07\/Screenshot-2022-07-08_13-56-34-010-1-1024x767.png 1024w, https:\/\/www.lovelldeco.fr\/bl\/wp-content\/uploads\/2022\/07\/Screenshot-2022-07-08_13-56-34-010-1-300x225.png 300w, https:\/\/www.lovelldeco.fr\/bl\/wp-content\/uploads\/2022\/07\/Screenshot-2022-07-08_13-56-34-010-1-768x575.png 768w, https:\/\/www.lovelldeco.fr\/bl\/wp-content\/uploads\/2022\/07\/Screenshot-2022-07-08_13-56-34-010-1-624x467.png 624w, https:\/\/www.lovelldeco.fr\/bl\/wp-content\/uploads\/2022\/07\/Screenshot-2022-07-08_13-56-34-010-1.png 1290w\" sizes=\"auto, (max-width: 1024px) 100vw, 1024px\" \/><\/a><figcaption>avant<\/figcaption><\/figure>\n\n\n\n<figure class=\"wp-block-gallery columns-1 is-cropped wp-block-gallery-3 is-layout-flex wp-block-gallery-is-layout-flex\"><ul class=\"blocks-gallery-grid\"><li class=\"blocks-gallery-item\"><figure><a href=\"http:\/\/www.lovelldeco.fr\/bl\/wp-content\/uploads\/2022\/07\/IMG_0354-copie-1-768x1024.jpg\"><img loading=\"lazy\" decoding=\"async\" width=\"768\" height=\"1024\" src=\"http:\/\/www.lovelldeco.fr\/bl\/wp-content\/uploads\/2022\/07\/IMG_0354-copie-1-768x1024.jpg\" alt=\"\" data-id=\"1848\" data-link=\"http:\/\/www.lovelldeco.fr\/bl\/?attachment_id=1848\" class=\"wp-image-1848\" srcset=\"https:\/\/www.lovelldeco.fr\/bl\/wp-content\/uploads\/2022\/07\/IMG_0354-copie-1-768x1024.jpg 768w, https:\/\/www.lovelldeco.fr\/bl\/wp-content\/uploads\/2022\/07\/IMG_0354-copie-1-225x300.jpg 225w, https:\/\/www.lovelldeco.fr\/bl\/wp-content\/uploads\/2022\/07\/IMG_0354-copie-1-1152x1536.jpg 1152w, https:\/\/www.lovelldeco.fr\/bl\/wp-content\/uploads\/2022\/07\/IMG_0354-copie-1-1536x2048.jpg 1536w, https:\/\/www.lovelldeco.fr\/bl\/wp-content\/uploads\/2022\/07\/IMG_0354-copie-1-624x832.jpg 624w, https:\/\/www.lovelldeco.fr\/bl\/wp-content\/uploads\/2022\/07\/IMG_0354-copie-1-scaled.jpg 1920w\" sizes=\"auto, (max-width: 768px) 100vw, 768px\" \/><\/a><figcaption class=\"blocks-gallery-item__caption\">Apr\u00e8s<\/figcaption><\/figure><\/li><\/ul><\/figure>\n\n\n\n<figure class=\"wp-block-image size-large\"><a href=\"http:\/\/www.lovelldeco.fr\/bl\/wp-content\/uploads\/2022\/07\/IMG_0361-copie-1-scaled.jpg\"><img loading=\"lazy\" decoding=\"async\" width=\"1024\" height=\"768\" src=\"http:\/\/www.lovelldeco.fr\/bl\/wp-content\/uploads\/2022\/07\/IMG_0361-copie-1-1024x768.jpg\" alt=\"\" class=\"wp-image-1850\" srcset=\"https:\/\/www.lovelldeco.fr\/bl\/wp-content\/uploads\/2022\/07\/IMG_0361-copie-1-1024x768.jpg 1024w, https:\/\/www.lovelldeco.fr\/bl\/wp-content\/uploads\/2022\/07\/IMG_0361-copie-1-300x225.jpg 300w, https:\/\/www.lovelldeco.fr\/bl\/wp-content\/uploads\/2022\/07\/IMG_0361-copie-1-768x576.jpg 768w, https:\/\/www.lovelldeco.fr\/bl\/wp-content\/uploads\/2022\/07\/IMG_0361-copie-1-1536x1152.jpg 1536w, https:\/\/www.lovelldeco.fr\/bl\/wp-content\/uploads\/2022\/07\/IMG_0361-copie-1-2048x1536.jpg 2048w, https:\/\/www.lovelldeco.fr\/bl\/wp-content\/uploads\/2022\/07\/IMG_0361-copie-1-624x468.jpg 624w\" sizes=\"auto, (max-width: 1024px) 100vw, 1024px\" \/><\/a><\/figure>\n","protected":false},"excerpt":{"rendered":"<p>Conception (plans 2D et images 3D), liste d&rsquo;achats, travaux et mise en place. Conception 3D -Vue 2 Plan d&rsquo;agencement 3D<\/p>\n","protected":false},"author":1,"featured_media":1852,"comment_status":"closed","ping_status":"closed","sticky":false,"template":"","format":"standard","meta":{"footnotes":""},"categories":[121,135,126,95,99,136,156,32,143,90,133,118,149,137,109,1,115,124,139,114,93],"tags":[],"class_list":["post-1835","post","type-post","status-publish","format-standard","has-post-thumbnail","hentry","category-3d-photo-realistes","category-agencement","category-agencement-cuisine","category-amenagement-interieur","category-architecture-dinterieur","category-conception-architecturale","category-conception-et-travaux","category-decoration-2","category-decoration-chaleureuse","category-decoration-interieur","category-departement-31","category-home-staging-renovation-amenagement-interieur","category-investissement-locatif","category-liste-dachats","category-lovelldeco","category-non-classe","category-photos-avant-apres","category-plan-2d","category-plan-dagencement","category-renovation-amenagement-interieur","category-toulouse"],"yoast_head":"<!-- This site is optimized with the Yoast SEO plugin v25.7 - https:\/\/yoast.com\/wordpress\/plugins\/seo\/ -->\n<title>RENOVATION T2 POUR DU LOCATIF-TOULOUSE - LOVELL D\u00e9co - Architecture d&#039;int\u00e9rieur et d\u00e9coration<\/title>\n<meta name=\"robots\" content=\"index, follow, max-snippet:-1, max-image-preview:large, max-video-preview:-1\" \/>\n<link rel=\"canonical\" href=\"https:\/\/www.lovelldeco.fr\/bl\/2022\/07\/08\/renovation-t2-pour-du-locatif-toulouse\/\" \/>\n<meta property=\"og:locale\" content=\"fr_FR\" \/>\n<meta property=\"og:type\" content=\"article\" \/>\n<meta property=\"og:title\" content=\"RENOVATION T2 POUR DU LOCATIF-TOULOUSE - LOVELL D\u00e9co - Architecture d&#039;int\u00e9rieur et d\u00e9coration\" \/>\n<meta property=\"og:description\" content=\"Conception (plans 2D et images 3D), liste d&rsquo;achats, travaux et mise en place. Conception 3D -Vue 2 Plan d&rsquo;agencement 3D\" \/>\n<meta property=\"og:url\" content=\"https:\/\/www.lovelldeco.fr\/bl\/2022\/07\/08\/renovation-t2-pour-du-locatif-toulouse\/\" \/>\n<meta property=\"og:site_name\" content=\"LOVELL D\u00e9co - Architecture d&#039;int\u00e9rieur et d\u00e9coration\" \/>\n<meta property=\"article:published_time\" content=\"2022-07-08T12:30:18+00:00\" \/>\n<meta property=\"og:image\" content=\"https:\/\/www.lovelldeco.fr\/bl\/wp-content\/uploads\/2022\/07\/IMG_0361-copie-2-scaled.jpg\" \/>\n\t<meta property=\"og:image:width\" content=\"2560\" \/>\n\t<meta property=\"og:image:height\" content=\"1920\" \/>\n\t<meta property=\"og:image:type\" content=\"image\/jpeg\" \/>\n<meta name=\"author\" content=\"lovell patricia\" \/>\n<meta name=\"twitter:card\" content=\"summary_large_image\" \/>\n<meta name=\"twitter:label1\" content=\"\u00c9crit par\" \/>\n\t<meta name=\"twitter:data1\" content=\"lovell patricia\" \/>\n<script type=\"application\/ld+json\" class=\"yoast-schema-graph\">{\"@context\":\"https:\/\/schema.org\",\"@graph\":[{\"@type\":\"WebPage\",\"@id\":\"https:\/\/www.lovelldeco.fr\/bl\/2022\/07\/08\/renovation-t2-pour-du-locatif-toulouse\/\",\"url\":\"https:\/\/www.lovelldeco.fr\/bl\/2022\/07\/08\/renovation-t2-pour-du-locatif-toulouse\/\",\"name\":\"RENOVATION T2 POUR DU LOCATIF-TOULOUSE - LOVELL D\u00e9co - Architecture d&#039;int\u00e9rieur et d\u00e9coration\",\"isPartOf\":{\"@id\":\"https:\/\/www.lovelldeco.fr\/bl\/#website\"},\"primaryImageOfPage\":{\"@id\":\"https:\/\/www.lovelldeco.fr\/bl\/2022\/07\/08\/renovation-t2-pour-du-locatif-toulouse\/#primaryimage\"},\"image\":{\"@id\":\"https:\/\/www.lovelldeco.fr\/bl\/2022\/07\/08\/renovation-t2-pour-du-locatif-toulouse\/#primaryimage\"},\"thumbnailUrl\":\"https:\/\/www.lovelldeco.fr\/bl\/wp-content\/uploads\/2022\/07\/IMG_0361-copie-2-scaled.jpg\",\"datePublished\":\"2022-07-08T12:30:18+00:00\",\"author\":{\"@id\":\"https:\/\/www.lovelldeco.fr\/bl\/#\/schema\/person\/39062999c940ea77282199682ae213f9\"},\"breadcrumb\":{\"@id\":\"https:\/\/www.lovelldeco.fr\/bl\/2022\/07\/08\/renovation-t2-pour-du-locatif-toulouse\/#breadcrumb\"},\"inLanguage\":\"fr-FR\",\"potentialAction\":[{\"@type\":\"ReadAction\",\"target\":[\"https:\/\/www.lovelldeco.fr\/bl\/2022\/07\/08\/renovation-t2-pour-du-locatif-toulouse\/\"]}]},{\"@type\":\"ImageObject\",\"inLanguage\":\"fr-FR\",\"@id\":\"https:\/\/www.lovelldeco.fr\/bl\/2022\/07\/08\/renovation-t2-pour-du-locatif-toulouse\/#primaryimage\",\"url\":\"https:\/\/www.lovelldeco.fr\/bl\/wp-content\/uploads\/2022\/07\/IMG_0361-copie-2-scaled.jpg\",\"contentUrl\":\"https:\/\/www.lovelldeco.fr\/bl\/wp-content\/uploads\/2022\/07\/IMG_0361-copie-2-scaled.jpg\",\"width\":2560,\"height\":1920},{\"@type\":\"BreadcrumbList\",\"@id\":\"https:\/\/www.lovelldeco.fr\/bl\/2022\/07\/08\/renovation-t2-pour-du-locatif-toulouse\/#breadcrumb\",\"itemListElement\":[{\"@type\":\"ListItem\",\"position\":1,\"name\":\"Accueil\",\"item\":\"https:\/\/www.lovelldeco.fr\/bl\/\"},{\"@type\":\"ListItem\",\"position\":2,\"name\":\"RENOVATION T2 POUR DU LOCATIF-TOULOUSE\"}]},{\"@type\":\"WebSite\",\"@id\":\"https:\/\/www.lovelldeco.fr\/bl\/#website\",\"url\":\"https:\/\/www.lovelldeco.fr\/bl\/\",\"name\":\"LOVELL D\u00e9co - Architecture d&#039;int\u00e9rieur et d\u00e9coration\",\"description\":\"R\u00e9inventons votre int\u00e9rieur\",\"potentialAction\":[{\"@type\":\"SearchAction\",\"target\":{\"@type\":\"EntryPoint\",\"urlTemplate\":\"https:\/\/www.lovelldeco.fr\/bl\/?s={search_term_string}\"},\"query-input\":{\"@type\":\"PropertyValueSpecification\",\"valueRequired\":true,\"valueName\":\"search_term_string\"}}],\"inLanguage\":\"fr-FR\"},{\"@type\":\"Person\",\"@id\":\"https:\/\/www.lovelldeco.fr\/bl\/#\/schema\/person\/39062999c940ea77282199682ae213f9\",\"name\":\"lovell patricia\",\"image\":{\"@type\":\"ImageObject\",\"inLanguage\":\"fr-FR\",\"@id\":\"https:\/\/www.lovelldeco.fr\/bl\/#\/schema\/person\/image\/\",\"url\":\"https:\/\/secure.gravatar.com\/avatar\/8e4d260d910b5ea661282a3e535989037309b9eae7dddd11417f2c72f96a2364?s=96&d=mm&r=g\",\"contentUrl\":\"https:\/\/secure.gravatar.com\/avatar\/8e4d260d910b5ea661282a3e535989037309b9eae7dddd11417f2c72f96a2364?s=96&d=mm&r=g\",\"caption\":\"lovell patricia\"},\"description\":\"Patricia Lovell vous pr\u00e9sente ses prestations de d\u00e9coration et de home staging par le biais du site www.lovelldeco.fr. lovell patricia\",\"sameAs\":[\"http:\/\/www.lovelldeco.fr\/\"],\"url\":\"https:\/\/www.lovelldeco.fr\/bl\/author\/patyvell\/\"}]}<\/script>\n<!-- \/ Yoast SEO plugin. -->","yoast_head_json":{"title":"RENOVATION T2 POUR DU LOCATIF-TOULOUSE - LOVELL D\u00e9co - Architecture d&#039;int\u00e9rieur et d\u00e9coration","robots":{"index":"index","follow":"follow","max-snippet":"max-snippet:-1","max-image-preview":"max-image-preview:large","max-video-preview":"max-video-preview:-1"},"canonical":"https:\/\/www.lovelldeco.fr\/bl\/2022\/07\/08\/renovation-t2-pour-du-locatif-toulouse\/","og_locale":"fr_FR","og_type":"article","og_title":"RENOVATION T2 POUR DU LOCATIF-TOULOUSE - LOVELL D\u00e9co - Architecture d&#039;int\u00e9rieur et d\u00e9coration","og_description":"Conception (plans 2D et images 3D), liste d&rsquo;achats, travaux et mise en place. Conception 3D -Vue 2 Plan d&rsquo;agencement 3D","og_url":"https:\/\/www.lovelldeco.fr\/bl\/2022\/07\/08\/renovation-t2-pour-du-locatif-toulouse\/","og_site_name":"LOVELL D\u00e9co - Architecture d&#039;int\u00e9rieur et d\u00e9coration","article_published_time":"2022-07-08T12:30:18+00:00","og_image":[{"width":2560,"height":1920,"url":"https:\/\/www.lovelldeco.fr\/bl\/wp-content\/uploads\/2022\/07\/IMG_0361-copie-2-scaled.jpg","type":"image\/jpeg"}],"author":"lovell patricia","twitter_card":"summary_large_image","twitter_misc":{"\u00c9crit par":"lovell patricia"},"schema":{"@context":"https:\/\/schema.org","@graph":[{"@type":"WebPage","@id":"https:\/\/www.lovelldeco.fr\/bl\/2022\/07\/08\/renovation-t2-pour-du-locatif-toulouse\/","url":"https:\/\/www.lovelldeco.fr\/bl\/2022\/07\/08\/renovation-t2-pour-du-locatif-toulouse\/","name":"RENOVATION T2 POUR DU LOCATIF-TOULOUSE - LOVELL D\u00e9co - Architecture d&#039;int\u00e9rieur et d\u00e9coration","isPartOf":{"@id":"https:\/\/www.lovelldeco.fr\/bl\/#website"},"primaryImageOfPage":{"@id":"https:\/\/www.lovelldeco.fr\/bl\/2022\/07\/08\/renovation-t2-pour-du-locatif-toulouse\/#primaryimage"},"image":{"@id":"https:\/\/www.lovelldeco.fr\/bl\/2022\/07\/08\/renovation-t2-pour-du-locatif-toulouse\/#primaryimage"},"thumbnailUrl":"https:\/\/www.lovelldeco.fr\/bl\/wp-content\/uploads\/2022\/07\/IMG_0361-copie-2-scaled.jpg","datePublished":"2022-07-08T12:30:18+00:00","author":{"@id":"https:\/\/www.lovelldeco.fr\/bl\/#\/schema\/person\/39062999c940ea77282199682ae213f9"},"breadcrumb":{"@id":"https:\/\/www.lovelldeco.fr\/bl\/2022\/07\/08\/renovation-t2-pour-du-locatif-toulouse\/#breadcrumb"},"inLanguage":"fr-FR","potentialAction":[{"@type":"ReadAction","target":["https:\/\/www.lovelldeco.fr\/bl\/2022\/07\/08\/renovation-t2-pour-du-locatif-toulouse\/"]}]},{"@type":"ImageObject","inLanguage":"fr-FR","@id":"https:\/\/www.lovelldeco.fr\/bl\/2022\/07\/08\/renovation-t2-pour-du-locatif-toulouse\/#primaryimage","url":"https:\/\/www.lovelldeco.fr\/bl\/wp-content\/uploads\/2022\/07\/IMG_0361-copie-2-scaled.jpg","contentUrl":"https:\/\/www.lovelldeco.fr\/bl\/wp-content\/uploads\/2022\/07\/IMG_0361-copie-2-scaled.jpg","width":2560,"height":1920},{"@type":"BreadcrumbList","@id":"https:\/\/www.lovelldeco.fr\/bl\/2022\/07\/08\/renovation-t2-pour-du-locatif-toulouse\/#breadcrumb","itemListElement":[{"@type":"ListItem","position":1,"name":"Accueil","item":"https:\/\/www.lovelldeco.fr\/bl\/"},{"@type":"ListItem","position":2,"name":"RENOVATION T2 POUR DU LOCATIF-TOULOUSE"}]},{"@type":"WebSite","@id":"https:\/\/www.lovelldeco.fr\/bl\/#website","url":"https:\/\/www.lovelldeco.fr\/bl\/","name":"LOVELL D\u00e9co - Architecture d&#039;int\u00e9rieur et d\u00e9coration","description":"R\u00e9inventons votre int\u00e9rieur","potentialAction":[{"@type":"SearchAction","target":{"@type":"EntryPoint","urlTemplate":"https:\/\/www.lovelldeco.fr\/bl\/?s={search_term_string}"},"query-input":{"@type":"PropertyValueSpecification","valueRequired":true,"valueName":"search_term_string"}}],"inLanguage":"fr-FR"},{"@type":"Person","@id":"https:\/\/www.lovelldeco.fr\/bl\/#\/schema\/person\/39062999c940ea77282199682ae213f9","name":"lovell patricia","image":{"@type":"ImageObject","inLanguage":"fr-FR","@id":"https:\/\/www.lovelldeco.fr\/bl\/#\/schema\/person\/image\/","url":"https:\/\/secure.gravatar.com\/avatar\/8e4d260d910b5ea661282a3e535989037309b9eae7dddd11417f2c72f96a2364?s=96&d=mm&r=g","contentUrl":"https:\/\/secure.gravatar.com\/avatar\/8e4d260d910b5ea661282a3e535989037309b9eae7dddd11417f2c72f96a2364?s=96&d=mm&r=g","caption":"lovell patricia"},"description":"Patricia Lovell vous pr\u00e9sente ses prestations de d\u00e9coration et de home staging par le biais du site www.lovelldeco.fr. lovell patricia","sameAs":["http:\/\/www.lovelldeco.fr\/"],"url":"https:\/\/www.lovelldeco.fr\/bl\/author\/patyvell\/"}]}},"_links":{"self":[{"href":"https:\/\/www.lovelldeco.fr\/bl\/wp-json\/wp\/v2\/posts\/1835","targetHints":{"allow":["GET"]}}],"collection":[{"href":"https:\/\/www.lovelldeco.fr\/bl\/wp-json\/wp\/v2\/posts"}],"about":[{"href":"https:\/\/www.lovelldeco.fr\/bl\/wp-json\/wp\/v2\/types\/post"}],"author":[{"embeddable":true,"href":"https:\/\/www.lovelldeco.fr\/bl\/wp-json\/wp\/v2\/users\/1"}],"replies":[{"embeddable":true,"href":"https:\/\/www.lovelldeco.fr\/bl\/wp-json\/wp\/v2\/comments?post=1835"}],"version-history":[{"count":1,"href":"https:\/\/www.lovelldeco.fr\/bl\/wp-json\/wp\/v2\/posts\/1835\/revisions"}],"predecessor-version":[{"id":1851,"href":"https:\/\/www.lovelldeco.fr\/bl\/wp-json\/wp\/v2\/posts\/1835\/revisions\/1851"}],"wp:featuredmedia":[{"embeddable":true,"href":"https:\/\/www.lovelldeco.fr\/bl\/wp-json\/wp\/v2\/media\/1852"}],"wp:attachment":[{"href":"https:\/\/www.lovelldeco.fr\/bl\/wp-json\/wp\/v2\/media?parent=1835"}],"wp:term":[{"taxonomy":"category","embeddable":true,"href":"https:\/\/www.lovelldeco.fr\/bl\/wp-json\/wp\/v2\/categories?post=1835"},{"taxonomy":"post_tag","embeddable":true,"href":"https:\/\/www.lovelldeco.fr\/bl\/wp-json\/wp\/v2\/tags?post=1835"}],"curies":[{"name":"wp","href":"https:\/\/api.w.org\/{rel}","templated":true}]}}