{"id":1644,"date":"2021-08-08T21:03:04","date_gmt":"2021-08-08T20:03:04","guid":{"rendered":"http:\/\/www.lovelldeco.fr\/bl\/?p=1644"},"modified":"2021-08-08T21:03:04","modified_gmt":"2021-08-08T20:03:04","slug":"projet-de-decoration-et-dagencement","status":"publish","type":"post","link":"https:\/\/www.lovelldeco.fr\/bl\/2021\/08\/08\/projet-de-decoration-et-dagencement\/","title":{"rendered":"Projet de d\u00e9coration et d&rsquo;agencement."},"content":{"rendered":"<p>Jolie maison ancienne de vigneron dans l&rsquo;Aude \u00e0 d\u00e9corer et \u00e0 r\u00e9agencer dans un style qui m\u00e9lange l&rsquo; ancien et le moderne.<\/p>\n<p>Projet 3D pour un espace chaleureux, harmonieux et coh\u00e9rent.<\/p>\n<p>Propositions de \u00a0d\u00e9coration et d&rsquo;am\u00e9nagement. Suggestions de couleurs et de mat\u00e9riaux .<\/p>\n<div id=\"attachment_1645\" style=\"width: 1290px\" class=\"wp-caption alignleft\"><img loading=\"lazy\" decoding=\"async\" aria-describedby=\"caption-attachment-1645\" class=\"wp-image-1645 size-full\" title=\"L'entr\u00e9e\" src=\"http:\/\/www.lovelldeco.fr\/bl\/wp-content\/uploads\/2021\/08\/anabel-3psd.jpg\" alt=\"anabel 3psd\" width=\"1280\" height=\"960\" srcset=\"https:\/\/www.lovelldeco.fr\/bl\/wp-content\/uploads\/2021\/08\/anabel-3psd.jpg 1280w, https:\/\/www.lovelldeco.fr\/bl\/wp-content\/uploads\/2021\/08\/anabel-3psd-300x225.jpg 300w, https:\/\/www.lovelldeco.fr\/bl\/wp-content\/uploads\/2021\/08\/anabel-3psd-768x576.jpg 768w, https:\/\/www.lovelldeco.fr\/bl\/wp-content\/uploads\/2021\/08\/anabel-3psd-1024x768.jpg 1024w, https:\/\/www.lovelldeco.fr\/bl\/wp-content\/uploads\/2021\/08\/anabel-3psd-624x468.jpg 624w\" sizes=\"auto, (max-width: 1280px) 100vw, 1280px\" \/><p id=\"caption-attachment-1645\" class=\"wp-caption-text\">carreaux de ciment \/ mur brique\/mobilier en rotin<\/p><\/div>\n<p><img loading=\"lazy\" decoding=\"async\" class=\"alignleft wp-image-1647 size-full\" title=\"L'entr\u00e9e\" src=\"http:\/\/www.lovelldeco.fr\/bl\/wp-content\/uploads\/2021\/08\/anabel-2-copie.jpg\" alt=\"anabel 2 copie\" width=\"1280\" height=\"960\" srcset=\"https:\/\/www.lovelldeco.fr\/bl\/wp-content\/uploads\/2021\/08\/anabel-2-copie.jpg 1280w, https:\/\/www.lovelldeco.fr\/bl\/wp-content\/uploads\/2021\/08\/anabel-2-copie-300x225.jpg 300w, https:\/\/www.lovelldeco.fr\/bl\/wp-content\/uploads\/2021\/08\/anabel-2-copie-768x576.jpg 768w, https:\/\/www.lovelldeco.fr\/bl\/wp-content\/uploads\/2021\/08\/anabel-2-copie-1024x768.jpg 1024w, https:\/\/www.lovelldeco.fr\/bl\/wp-content\/uploads\/2021\/08\/anabel-2-copie-624x468.jpg 624w\" sizes=\"auto, (max-width: 1280px) 100vw, 1280px\" \/><\/p>\n<div id=\"attachment_1649\" style=\"width: 1290px\" class=\"wp-caption alignright\"><img loading=\"lazy\" decoding=\"async\" aria-describedby=\"caption-attachment-1649\" class=\"wp-image-1648 size-full\" title=\"La cuisine\" src=\"http:\/\/www.lovelldeco.fr\/bl\/wp-content\/uploads\/2021\/08\/anabel-16-copie.jpg\" alt=\"anabel 16 copie\" width=\"1280\" height=\"960\" srcset=\"https:\/\/www.lovelldeco.fr\/bl\/wp-content\/uploads\/2021\/08\/anabel-16-copie.jpg 1280w, https:\/\/www.lovelldeco.fr\/bl\/wp-content\/uploads\/2021\/08\/anabel-16-copie-300x225.jpg 300w, https:\/\/www.lovelldeco.fr\/bl\/wp-content\/uploads\/2021\/08\/anabel-16-copie-768x576.jpg 768w, https:\/\/www.lovelldeco.fr\/bl\/wp-content\/uploads\/2021\/08\/anabel-16-copie-1024x768.jpg 1024w, https:\/\/www.lovelldeco.fr\/bl\/wp-content\/uploads\/2021\/08\/anabel-16-copie-624x468.jpg 624w\" sizes=\"auto, (max-width: 1280px) 100vw, 1280px\" \/><p id=\"caption-attachment-1649\" class=\"wp-caption-text\">carreaux de ciment, verri\u00e8re blanche, murs blancs pour agrandir l&rsquo;espace et pour plus de lumi\u00e8re. Cuisine de couleur.<img loading=\"lazy\" decoding=\"async\" class=\"wp-image-1649 size-full alignleft\" title=\"La cuisine\" src=\"http:\/\/www.lovelldeco.fr\/bl\/wp-content\/uploads\/2021\/08\/anabel45-1.jpg\" alt=\"anabel45 1\" width=\"1280\" height=\"960\" srcset=\"https:\/\/www.lovelldeco.fr\/bl\/wp-content\/uploads\/2021\/08\/anabel45-1.jpg 1280w, https:\/\/www.lovelldeco.fr\/bl\/wp-content\/uploads\/2021\/08\/anabel45-1-300x225.jpg 300w, https:\/\/www.lovelldeco.fr\/bl\/wp-content\/uploads\/2021\/08\/anabel45-1-768x576.jpg 768w, https:\/\/www.lovelldeco.fr\/bl\/wp-content\/uploads\/2021\/08\/anabel45-1-1024x768.jpg 1024w, https:\/\/www.lovelldeco.fr\/bl\/wp-content\/uploads\/2021\/08\/anabel45-1-624x468.jpg 624w\" sizes=\"auto, (max-width: 1280px) 100vw, 1280px\" \/><\/p><\/div>\n<p>&nbsp;<\/p>\n<div id=\"attachment_1650\" style=\"width: 1290px\" class=\"wp-caption alignright\"><img loading=\"lazy\" decoding=\"async\" aria-describedby=\"caption-attachment-1650\" class=\"wp-image-1650 size-full\" title=\"le s\u00e9jour\" src=\"http:\/\/www.lovelldeco.fr\/bl\/wp-content\/uploads\/2021\/08\/anabel-10.jpg\" alt=\"anabel 10\" width=\"1280\" height=\"960\" srcset=\"https:\/\/www.lovelldeco.fr\/bl\/wp-content\/uploads\/2021\/08\/anabel-10.jpg 1280w, https:\/\/www.lovelldeco.fr\/bl\/wp-content\/uploads\/2021\/08\/anabel-10-300x225.jpg 300w, https:\/\/www.lovelldeco.fr\/bl\/wp-content\/uploads\/2021\/08\/anabel-10-768x576.jpg 768w, https:\/\/www.lovelldeco.fr\/bl\/wp-content\/uploads\/2021\/08\/anabel-10-1024x768.jpg 1024w, https:\/\/www.lovelldeco.fr\/bl\/wp-content\/uploads\/2021\/08\/anabel-10-624x468.jpg 624w\" sizes=\"auto, (max-width: 1280px) 100vw, 1280px\" \/><p id=\"caption-attachment-1650\" class=\"wp-caption-text\">La couleur pour d\u00e9limiter les espaces<\/p><\/div>\n<div id=\"attachment_1651\" style=\"width: 1290px\" class=\"wp-caption alignleft\"><img loading=\"lazy\" decoding=\"async\" aria-describedby=\"caption-attachment-1651\" class=\"wp-image-1651 size-full\" title=\"le s\u00e9jour\" src=\"http:\/\/www.lovelldeco.fr\/bl\/wp-content\/uploads\/2021\/08\/anabel-13.jpg\" alt=\"anabel 13\" width=\"1280\" height=\"960\" srcset=\"https:\/\/www.lovelldeco.fr\/bl\/wp-content\/uploads\/2021\/08\/anabel-13.jpg 1280w, https:\/\/www.lovelldeco.fr\/bl\/wp-content\/uploads\/2021\/08\/anabel-13-300x225.jpg 300w, https:\/\/www.lovelldeco.fr\/bl\/wp-content\/uploads\/2021\/08\/anabel-13-768x576.jpg 768w, https:\/\/www.lovelldeco.fr\/bl\/wp-content\/uploads\/2021\/08\/anabel-13-1024x768.jpg 1024w, https:\/\/www.lovelldeco.fr\/bl\/wp-content\/uploads\/2021\/08\/anabel-13-624x468.jpg 624w\" sizes=\"auto, (max-width: 1280px) 100vw, 1280px\" \/><p id=\"caption-attachment-1651\" class=\"wp-caption-text\">Bleu\/vert\/bois<\/p><\/div>\n<p>&nbsp;<\/p>\n","protected":false},"excerpt":{"rendered":"<p>Jolie maison ancienne de vigneron dans l&rsquo;Aude \u00e0 d\u00e9corer et \u00e0 r\u00e9agencer dans un style qui m\u00e9lange l&rsquo; ancien et le moderne. Projet 3D pour un espace chaleureux, harmonieux et coh\u00e9rent. Propositions de \u00a0d\u00e9coration et d&rsquo;am\u00e9nagement. Suggestions de couleurs et de mat\u00e9riaux . &nbsp; &nbsp;<\/p>\n","protected":false},"author":1,"featured_media":1649,"comment_status":"closed","ping_status":"closed","sticky":false,"template":"","format":"image","meta":{"footnotes":""},"categories":[121,135,126,122,95,99,108,102,97,96,136,32,143,90,133,109,101,1,98,94,119,113,114,105],"tags":[],"class_list":["post-1644","post","type-post","status-publish","format-image","has-post-thumbnail","hentry","category-3d-photo-realistes","category-agencement","category-agencement-cuisine","category-amenagement-a-partir-dun-plan","category-amenagement-interieur","category-architecture-dinterieur","category-astuce-deco","category-aude","category-bois-naturel","category-carreaux-de-ciment","category-conception-architecturale","category-decoration-2","category-decoration-chaleureuse","category-decoration-interieur","category-departement-31","category-lovelldeco","category-mise-en-valeur","category-non-classe","category-optimisation-de-lespace","category-region-toulousaine","category-renovation-home-staging-renovation-amenagement-interieur","category-renovation","category-renovation-amenagement-interieur","category-verriere","post_format-post-format-image"],"yoast_head":"<!-- This site is optimized with the Yoast SEO plugin v25.7 - https:\/\/yoast.com\/wordpress\/plugins\/seo\/ -->\n<title>Projet de d\u00e9coration et d&#039;agencement. - LOVELL D\u00e9co - Architecture d&#039;int\u00e9rieur et d\u00e9coration<\/title>\n<meta name=\"robots\" content=\"index, follow, max-snippet:-1, max-image-preview:large, max-video-preview:-1\" \/>\n<link rel=\"canonical\" href=\"https:\/\/www.lovelldeco.fr\/bl\/2021\/08\/08\/projet-de-decoration-et-dagencement\/\" \/>\n<meta property=\"og:locale\" content=\"fr_FR\" \/>\n<meta property=\"og:type\" content=\"article\" \/>\n<meta property=\"og:title\" content=\"Projet de d\u00e9coration et d&#039;agencement. - LOVELL D\u00e9co - Architecture d&#039;int\u00e9rieur et d\u00e9coration\" \/>\n<meta property=\"og:description\" content=\"Jolie maison ancienne de vigneron dans l&rsquo;Aude \u00e0 d\u00e9corer et \u00e0 r\u00e9agencer dans un style qui m\u00e9lange l&rsquo; ancien et le moderne. Projet 3D pour un espace chaleureux, harmonieux et coh\u00e9rent. Propositions de \u00a0d\u00e9coration et d&rsquo;am\u00e9nagement. Suggestions de couleurs et de mat\u00e9riaux . &nbsp; &nbsp;\" \/>\n<meta property=\"og:url\" content=\"https:\/\/www.lovelldeco.fr\/bl\/2021\/08\/08\/projet-de-decoration-et-dagencement\/\" \/>\n<meta property=\"og:site_name\" content=\"LOVELL D\u00e9co - Architecture d&#039;int\u00e9rieur et d\u00e9coration\" \/>\n<meta property=\"article:published_time\" content=\"2021-08-08T20:03:04+00:00\" \/>\n<meta property=\"og:image\" content=\"https:\/\/www.lovelldeco.fr\/bl\/wp-content\/uploads\/2021\/08\/anabel45-1.jpg\" \/>\n\t<meta property=\"og:image:width\" content=\"1280\" \/>\n\t<meta property=\"og:image:height\" content=\"960\" \/>\n\t<meta property=\"og:image:type\" content=\"image\/jpeg\" \/>\n<meta name=\"author\" content=\"lovell patricia\" \/>\n<meta name=\"twitter:card\" content=\"summary_large_image\" \/>\n<meta name=\"twitter:label1\" content=\"\u00c9crit par\" \/>\n\t<meta name=\"twitter:data1\" content=\"lovell patricia\" \/>\n\t<meta name=\"twitter:label2\" content=\"Dur\u00e9e de lecture estim\u00e9e\" \/>\n\t<meta name=\"twitter:data2\" content=\"1 minute\" \/>\n<script type=\"application\/ld+json\" class=\"yoast-schema-graph\">{\"@context\":\"https:\/\/schema.org\",\"@graph\":[{\"@type\":\"WebPage\",\"@id\":\"https:\/\/www.lovelldeco.fr\/bl\/2021\/08\/08\/projet-de-decoration-et-dagencement\/\",\"url\":\"https:\/\/www.lovelldeco.fr\/bl\/2021\/08\/08\/projet-de-decoration-et-dagencement\/\",\"name\":\"Projet de d\u00e9coration et d'agencement. - LOVELL D\u00e9co - Architecture d&#039;int\u00e9rieur et d\u00e9coration\",\"isPartOf\":{\"@id\":\"https:\/\/www.lovelldeco.fr\/bl\/#website\"},\"primaryImageOfPage\":{\"@id\":\"https:\/\/www.lovelldeco.fr\/bl\/2021\/08\/08\/projet-de-decoration-et-dagencement\/#primaryimage\"},\"image\":{\"@id\":\"https:\/\/www.lovelldeco.fr\/bl\/2021\/08\/08\/projet-de-decoration-et-dagencement\/#primaryimage\"},\"thumbnailUrl\":\"https:\/\/www.lovelldeco.fr\/bl\/wp-content\/uploads\/2021\/08\/anabel45-1.jpg\",\"datePublished\":\"2021-08-08T20:03:04+00:00\",\"author\":{\"@id\":\"https:\/\/www.lovelldeco.fr\/bl\/#\/schema\/person\/39062999c940ea77282199682ae213f9\"},\"breadcrumb\":{\"@id\":\"https:\/\/www.lovelldeco.fr\/bl\/2021\/08\/08\/projet-de-decoration-et-dagencement\/#breadcrumb\"},\"inLanguage\":\"fr-FR\",\"potentialAction\":[{\"@type\":\"ReadAction\",\"target\":[\"https:\/\/www.lovelldeco.fr\/bl\/2021\/08\/08\/projet-de-decoration-et-dagencement\/\"]}]},{\"@type\":\"ImageObject\",\"inLanguage\":\"fr-FR\",\"@id\":\"https:\/\/www.lovelldeco.fr\/bl\/2021\/08\/08\/projet-de-decoration-et-dagencement\/#primaryimage\",\"url\":\"https:\/\/www.lovelldeco.fr\/bl\/wp-content\/uploads\/2021\/08\/anabel45-1.jpg\",\"contentUrl\":\"https:\/\/www.lovelldeco.fr\/bl\/wp-content\/uploads\/2021\/08\/anabel45-1.jpg\",\"width\":1280,\"height\":960},{\"@type\":\"BreadcrumbList\",\"@id\":\"https:\/\/www.lovelldeco.fr\/bl\/2021\/08\/08\/projet-de-decoration-et-dagencement\/#breadcrumb\",\"itemListElement\":[{\"@type\":\"ListItem\",\"position\":1,\"name\":\"Accueil\",\"item\":\"https:\/\/www.lovelldeco.fr\/bl\/\"},{\"@type\":\"ListItem\",\"position\":2,\"name\":\"Projet de d\u00e9coration et d&rsquo;agencement.\"}]},{\"@type\":\"WebSite\",\"@id\":\"https:\/\/www.lovelldeco.fr\/bl\/#website\",\"url\":\"https:\/\/www.lovelldeco.fr\/bl\/\",\"name\":\"LOVELL D\u00e9co - Architecture d&#039;int\u00e9rieur et d\u00e9coration\",\"description\":\"R\u00e9inventons votre int\u00e9rieur\",\"potentialAction\":[{\"@type\":\"SearchAction\",\"target\":{\"@type\":\"EntryPoint\",\"urlTemplate\":\"https:\/\/www.lovelldeco.fr\/bl\/?s={search_term_string}\"},\"query-input\":{\"@type\":\"PropertyValueSpecification\",\"valueRequired\":true,\"valueName\":\"search_term_string\"}}],\"inLanguage\":\"fr-FR\"},{\"@type\":\"Person\",\"@id\":\"https:\/\/www.lovelldeco.fr\/bl\/#\/schema\/person\/39062999c940ea77282199682ae213f9\",\"name\":\"lovell patricia\",\"image\":{\"@type\":\"ImageObject\",\"inLanguage\":\"fr-FR\",\"@id\":\"https:\/\/www.lovelldeco.fr\/bl\/#\/schema\/person\/image\/\",\"url\":\"https:\/\/secure.gravatar.com\/avatar\/8e4d260d910b5ea661282a3e535989037309b9eae7dddd11417f2c72f96a2364?s=96&d=mm&r=g\",\"contentUrl\":\"https:\/\/secure.gravatar.com\/avatar\/8e4d260d910b5ea661282a3e535989037309b9eae7dddd11417f2c72f96a2364?s=96&d=mm&r=g\",\"caption\":\"lovell patricia\"},\"description\":\"Patricia Lovell vous pr\u00e9sente ses prestations de d\u00e9coration et de home staging par le biais du site www.lovelldeco.fr. lovell patricia\",\"sameAs\":[\"http:\/\/www.lovelldeco.fr\/\"],\"url\":\"https:\/\/www.lovelldeco.fr\/bl\/author\/patyvell\/\"}]}<\/script>\n<!-- \/ Yoast SEO plugin. -->","yoast_head_json":{"title":"Projet de d\u00e9coration et d'agencement. - LOVELL D\u00e9co - Architecture d&#039;int\u00e9rieur et d\u00e9coration","robots":{"index":"index","follow":"follow","max-snippet":"max-snippet:-1","max-image-preview":"max-image-preview:large","max-video-preview":"max-video-preview:-1"},"canonical":"https:\/\/www.lovelldeco.fr\/bl\/2021\/08\/08\/projet-de-decoration-et-dagencement\/","og_locale":"fr_FR","og_type":"article","og_title":"Projet de d\u00e9coration et d'agencement. - LOVELL D\u00e9co - Architecture d&#039;int\u00e9rieur et d\u00e9coration","og_description":"Jolie maison ancienne de vigneron dans l&rsquo;Aude \u00e0 d\u00e9corer et \u00e0 r\u00e9agencer dans un style qui m\u00e9lange l&rsquo; ancien et le moderne. Projet 3D pour un espace chaleureux, harmonieux et coh\u00e9rent. Propositions de \u00a0d\u00e9coration et d&rsquo;am\u00e9nagement. Suggestions de couleurs et de mat\u00e9riaux . &nbsp; &nbsp;","og_url":"https:\/\/www.lovelldeco.fr\/bl\/2021\/08\/08\/projet-de-decoration-et-dagencement\/","og_site_name":"LOVELL D\u00e9co - Architecture d&#039;int\u00e9rieur et d\u00e9coration","article_published_time":"2021-08-08T20:03:04+00:00","og_image":[{"width":1280,"height":960,"url":"https:\/\/www.lovelldeco.fr\/bl\/wp-content\/uploads\/2021\/08\/anabel45-1.jpg","type":"image\/jpeg"}],"author":"lovell patricia","twitter_card":"summary_large_image","twitter_misc":{"\u00c9crit par":"lovell patricia","Dur\u00e9e de lecture estim\u00e9e":"1 minute"},"schema":{"@context":"https:\/\/schema.org","@graph":[{"@type":"WebPage","@id":"https:\/\/www.lovelldeco.fr\/bl\/2021\/08\/08\/projet-de-decoration-et-dagencement\/","url":"https:\/\/www.lovelldeco.fr\/bl\/2021\/08\/08\/projet-de-decoration-et-dagencement\/","name":"Projet de d\u00e9coration et d'agencement. - LOVELL D\u00e9co - Architecture d&#039;int\u00e9rieur et d\u00e9coration","isPartOf":{"@id":"https:\/\/www.lovelldeco.fr\/bl\/#website"},"primaryImageOfPage":{"@id":"https:\/\/www.lovelldeco.fr\/bl\/2021\/08\/08\/projet-de-decoration-et-dagencement\/#primaryimage"},"image":{"@id":"https:\/\/www.lovelldeco.fr\/bl\/2021\/08\/08\/projet-de-decoration-et-dagencement\/#primaryimage"},"thumbnailUrl":"https:\/\/www.lovelldeco.fr\/bl\/wp-content\/uploads\/2021\/08\/anabel45-1.jpg","datePublished":"2021-08-08T20:03:04+00:00","author":{"@id":"https:\/\/www.lovelldeco.fr\/bl\/#\/schema\/person\/39062999c940ea77282199682ae213f9"},"breadcrumb":{"@id":"https:\/\/www.lovelldeco.fr\/bl\/2021\/08\/08\/projet-de-decoration-et-dagencement\/#breadcrumb"},"inLanguage":"fr-FR","potentialAction":[{"@type":"ReadAction","target":["https:\/\/www.lovelldeco.fr\/bl\/2021\/08\/08\/projet-de-decoration-et-dagencement\/"]}]},{"@type":"ImageObject","inLanguage":"fr-FR","@id":"https:\/\/www.lovelldeco.fr\/bl\/2021\/08\/08\/projet-de-decoration-et-dagencement\/#primaryimage","url":"https:\/\/www.lovelldeco.fr\/bl\/wp-content\/uploads\/2021\/08\/anabel45-1.jpg","contentUrl":"https:\/\/www.lovelldeco.fr\/bl\/wp-content\/uploads\/2021\/08\/anabel45-1.jpg","width":1280,"height":960},{"@type":"BreadcrumbList","@id":"https:\/\/www.lovelldeco.fr\/bl\/2021\/08\/08\/projet-de-decoration-et-dagencement\/#breadcrumb","itemListElement":[{"@type":"ListItem","position":1,"name":"Accueil","item":"https:\/\/www.lovelldeco.fr\/bl\/"},{"@type":"ListItem","position":2,"name":"Projet de d\u00e9coration et d&rsquo;agencement."}]},{"@type":"WebSite","@id":"https:\/\/www.lovelldeco.fr\/bl\/#website","url":"https:\/\/www.lovelldeco.fr\/bl\/","name":"LOVELL D\u00e9co - Architecture d&#039;int\u00e9rieur et d\u00e9coration","description":"R\u00e9inventons votre int\u00e9rieur","potentialAction":[{"@type":"SearchAction","target":{"@type":"EntryPoint","urlTemplate":"https:\/\/www.lovelldeco.fr\/bl\/?s={search_term_string}"},"query-input":{"@type":"PropertyValueSpecification","valueRequired":true,"valueName":"search_term_string"}}],"inLanguage":"fr-FR"},{"@type":"Person","@id":"https:\/\/www.lovelldeco.fr\/bl\/#\/schema\/person\/39062999c940ea77282199682ae213f9","name":"lovell patricia","image":{"@type":"ImageObject","inLanguage":"fr-FR","@id":"https:\/\/www.lovelldeco.fr\/bl\/#\/schema\/person\/image\/","url":"https:\/\/secure.gravatar.com\/avatar\/8e4d260d910b5ea661282a3e535989037309b9eae7dddd11417f2c72f96a2364?s=96&d=mm&r=g","contentUrl":"https:\/\/secure.gravatar.com\/avatar\/8e4d260d910b5ea661282a3e535989037309b9eae7dddd11417f2c72f96a2364?s=96&d=mm&r=g","caption":"lovell patricia"},"description":"Patricia Lovell vous pr\u00e9sente ses prestations de d\u00e9coration et de home staging par le biais du site www.lovelldeco.fr. lovell patricia","sameAs":["http:\/\/www.lovelldeco.fr\/"],"url":"https:\/\/www.lovelldeco.fr\/bl\/author\/patyvell\/"}]}},"_links":{"self":[{"href":"https:\/\/www.lovelldeco.fr\/bl\/wp-json\/wp\/v2\/posts\/1644","targetHints":{"allow":["GET"]}}],"collection":[{"href":"https:\/\/www.lovelldeco.fr\/bl\/wp-json\/wp\/v2\/posts"}],"about":[{"href":"https:\/\/www.lovelldeco.fr\/bl\/wp-json\/wp\/v2\/types\/post"}],"author":[{"embeddable":true,"href":"https:\/\/www.lovelldeco.fr\/bl\/wp-json\/wp\/v2\/users\/1"}],"replies":[{"embeddable":true,"href":"https:\/\/www.lovelldeco.fr\/bl\/wp-json\/wp\/v2\/comments?post=1644"}],"version-history":[{"count":3,"href":"https:\/\/www.lovelldeco.fr\/bl\/wp-json\/wp\/v2\/posts\/1644\/revisions"}],"predecessor-version":[{"id":1654,"href":"https:\/\/www.lovelldeco.fr\/bl\/wp-json\/wp\/v2\/posts\/1644\/revisions\/1654"}],"wp:featuredmedia":[{"embeddable":true,"href":"https:\/\/www.lovelldeco.fr\/bl\/wp-json\/wp\/v2\/media\/1649"}],"wp:attachment":[{"href":"https:\/\/www.lovelldeco.fr\/bl\/wp-json\/wp\/v2\/media?parent=1644"}],"wp:term":[{"taxonomy":"category","embeddable":true,"href":"https:\/\/www.lovelldeco.fr\/bl\/wp-json\/wp\/v2\/categories?post=1644"},{"taxonomy":"post_tag","embeddable":true,"href":"https:\/\/www.lovelldeco.fr\/bl\/wp-json\/wp\/v2\/tags?post=1644"}],"curies":[{"name":"wp","href":"https:\/\/api.w.org\/{rel}","templated":true}]}}