{"id":1637,"date":"2021-05-18T13:07:41","date_gmt":"2021-05-18T12:07:41","guid":{"rendered":"http:\/\/www.lovelldeco.fr\/bl\/?p=1637"},"modified":"2023-04-19T10:39:49","modified_gmt":"2023-04-19T09:39:49","slug":"ambiance-cosy-pour-cette-petite-toulousaine-nouvel-agencement-nouvelle-decoration","status":"publish","type":"post","link":"https:\/\/www.lovelldeco.fr\/bl\/2021\/05\/18\/ambiance-cosy-pour-cette-petite-toulousaine-nouvel-agencement-nouvelle-decoration\/","title":{"rendered":"Ambiance cosy pour cette petite Toulousaine : nouvel agencement, nouvelle d\u00e9coration."},"content":{"rendered":"\n<figure class=\"wp-block-image size-full\"><a href=\"http:\/\/www.lovelldeco.fr\/bl\/wp-content\/uploads\/2023\/04\/20230419110722.png\"><img loading=\"lazy\" decoding=\"async\" width=\"936\" height=\"656\" src=\"http:\/\/www.lovelldeco.fr\/bl\/wp-content\/uploads\/2023\/04\/20230419110722.png\" alt=\"\" class=\"wp-image-1898\" srcset=\"https:\/\/www.lovelldeco.fr\/bl\/wp-content\/uploads\/2023\/04\/20230419110722.png 936w, https:\/\/www.lovelldeco.fr\/bl\/wp-content\/uploads\/2023\/04\/20230419110722-300x210.png 300w, https:\/\/www.lovelldeco.fr\/bl\/wp-content\/uploads\/2023\/04\/20230419110722-768x538.png 768w, https:\/\/www.lovelldeco.fr\/bl\/wp-content\/uploads\/2023\/04\/20230419110722-624x437.png 624w\" sizes=\"auto, (max-width: 936px) 100vw, 936px\" \/><\/a><figcaption class=\"wp-element-caption\">PLAN D&rsquo;ETAT DES LIEUX<\/figcaption><\/figure>\n\n\n<p><img loading=\"lazy\" decoding=\"async\" class=\"wp-image-1621 alignleft\" src=\"http:\/\/www.lovelldeco.fr\/bl\/wp-content\/uploads\/2021\/05\/IMG_20200623_111528-2.jpg\" alt=\"\" width=\"368\" height=\"276\" srcset=\"https:\/\/www.lovelldeco.fr\/bl\/wp-content\/uploads\/2021\/05\/IMG_20200623_111528-2.jpg 3968w, https:\/\/www.lovelldeco.fr\/bl\/wp-content\/uploads\/2021\/05\/IMG_20200623_111528-2-300x225.jpg 300w, https:\/\/www.lovelldeco.fr\/bl\/wp-content\/uploads\/2021\/05\/IMG_20200623_111528-2-768x576.jpg 768w, https:\/\/www.lovelldeco.fr\/bl\/wp-content\/uploads\/2021\/05\/IMG_20200623_111528-2-1024x768.jpg 1024w, https:\/\/www.lovelldeco.fr\/bl\/wp-content\/uploads\/2021\/05\/IMG_20200623_111528-2-624x468.jpg 624w\" sizes=\"auto, (max-width: 368px) 100vw, 368px\" \/><\/p>\n<p>Au d\u00e9part, une ambiance \u00a0rustique et sombre. \u00a0 La climatisation \u00a0mal plac\u00e9e et la cuisine trop petite et mal agenc\u00e9e.<\/p>\n<p>\u00a0<\/p>\n<p><img loading=\"lazy\" decoding=\"async\" class=\"alignright size-full wp-image-1636\" src=\"http:\/\/www.lovelldeco.fr\/bl\/wp-content\/uploads\/2021\/05\/lavaur456.jpg\" alt=\"\" width=\"2560\" height=\"1217\" srcset=\"https:\/\/www.lovelldeco.fr\/bl\/wp-content\/uploads\/2021\/05\/lavaur456.jpg 2560w, https:\/\/www.lovelldeco.fr\/bl\/wp-content\/uploads\/2021\/05\/lavaur456-300x143.jpg 300w, https:\/\/www.lovelldeco.fr\/bl\/wp-content\/uploads\/2021\/05\/lavaur456-768x365.jpg 768w, https:\/\/www.lovelldeco.fr\/bl\/wp-content\/uploads\/2021\/05\/lavaur456-1024x487.jpg 1024w, https:\/\/www.lovelldeco.fr\/bl\/wp-content\/uploads\/2021\/05\/lavaur456-624x297.jpg 624w\" sizes=\"auto, (max-width: 2560px) 100vw, 2560px\" \/><\/p>\n<p>\u00a0<\/p>\n<p>\u00a0<\/p>\n<p><img loading=\"lazy\" decoding=\"async\" class=\" wp-image-1899 alignleft\" src=\"http:\/\/www.lovelldeco.fr\/bl\/wp-content\/uploads\/2021\/05\/20230419111303.png\" alt=\"\" width=\"463\" height=\"330\" srcset=\"https:\/\/www.lovelldeco.fr\/bl\/wp-content\/uploads\/2021\/05\/20230419111303.png 935w, https:\/\/www.lovelldeco.fr\/bl\/wp-content\/uploads\/2021\/05\/20230419111303-300x214.png 300w, https:\/\/www.lovelldeco.fr\/bl\/wp-content\/uploads\/2021\/05\/20230419111303-768x548.png 768w, https:\/\/www.lovelldeco.fr\/bl\/wp-content\/uploads\/2021\/05\/20230419111303-624x445.png 624w\" sizes=\"auto, (max-width: 463px) 100vw, 463px\" \/><\/p>\n<p>Le projet fut d&rsquo;ouvrir \u00a0entre la cuisine et le salon. Agencer diff\u00e9remment la cuisine, a\u00e9rer l&rsquo;espace, \u00a0tout en conservant le mobilier.<\/p>\n<p>\u00a0<\/p>\n<p>Enlever le faux plafond face \u00e0 l&rsquo;escalier, repositionner la clim.<span style=\"font-size: revert;\">Revoir les couleurs, pour une ambiance plus douce.<\/span><\/p>\n<p>\u00a0<\/p>\n<p><img loading=\"lazy\" decoding=\"async\" class=\"wp-image-1901 alignnone\" src=\"http:\/\/www.lovelldeco.fr\/bl\/wp-content\/uploads\/2021\/05\/20230419111455-1.png\" alt=\"\" width=\"474\" height=\"334\" srcset=\"https:\/\/www.lovelldeco.fr\/bl\/wp-content\/uploads\/2021\/05\/20230419111455-1.png 947w, https:\/\/www.lovelldeco.fr\/bl\/wp-content\/uploads\/2021\/05\/20230419111455-1-300x211.png 300w, https:\/\/www.lovelldeco.fr\/bl\/wp-content\/uploads\/2021\/05\/20230419111455-1-768x541.png 768w, https:\/\/www.lovelldeco.fr\/bl\/wp-content\/uploads\/2021\/05\/20230419111455-1-624x440.png 624w\" sizes=\"auto, (max-width: 474px) 100vw, 474px\" \/><img loading=\"lazy\" decoding=\"async\" class=\"size-full wp-image-1859 alignleft\" src=\"http:\/\/www.lovelldeco.fr\/bl\/wp-content\/uploads\/2022\/10\/Screenshot-2022-10-10_10-57-57-690-copie.jpg\" alt=\"\" width=\"1169\" height=\"732\" srcset=\"https:\/\/www.lovelldeco.fr\/bl\/wp-content\/uploads\/2022\/10\/Screenshot-2022-10-10_10-57-57-690-copie.jpg 1169w, https:\/\/www.lovelldeco.fr\/bl\/wp-content\/uploads\/2022\/10\/Screenshot-2022-10-10_10-57-57-690-copie-300x188.jpg 300w, https:\/\/www.lovelldeco.fr\/bl\/wp-content\/uploads\/2022\/10\/Screenshot-2022-10-10_10-57-57-690-copie-1024x641.jpg 1024w, https:\/\/www.lovelldeco.fr\/bl\/wp-content\/uploads\/2022\/10\/Screenshot-2022-10-10_10-57-57-690-copie-768x481.jpg 768w, https:\/\/www.lovelldeco.fr\/bl\/wp-content\/uploads\/2022\/10\/Screenshot-2022-10-10_10-57-57-690-copie-624x391.jpg 624w\" sizes=\"auto, (max-width: 1169px) 100vw, 1169px\" \/><\/p>\n<p>\u00a0<\/p>\n<p>\u00a0<\/p>\n<p><img loading=\"lazy\" decoding=\"async\" class=\"size-full wp-image-1857 alignleft\" src=\"http:\/\/www.lovelldeco.fr\/bl\/wp-content\/uploads\/2021\/05\/Screenshot-2022-10-10_10-45-30-721-copie.jpg\" alt=\"\" width=\"1441\" height=\"838\" srcset=\"https:\/\/www.lovelldeco.fr\/bl\/wp-content\/uploads\/2021\/05\/Screenshot-2022-10-10_10-45-30-721-copie.jpg 1441w, https:\/\/www.lovelldeco.fr\/bl\/wp-content\/uploads\/2021\/05\/Screenshot-2022-10-10_10-45-30-721-copie-300x174.jpg 300w, https:\/\/www.lovelldeco.fr\/bl\/wp-content\/uploads\/2021\/05\/Screenshot-2022-10-10_10-45-30-721-copie-1024x595.jpg 1024w, https:\/\/www.lovelldeco.fr\/bl\/wp-content\/uploads\/2021\/05\/Screenshot-2022-10-10_10-45-30-721-copie-768x447.jpg 768w, https:\/\/www.lovelldeco.fr\/bl\/wp-content\/uploads\/2021\/05\/Screenshot-2022-10-10_10-45-30-721-copie-624x363.jpg 624w\" sizes=\"auto, (max-width: 1441px) 100vw, 1441px\" \/><\/p>\n<p>\u00a0<\/p>\n<p>\u00a0<\/p>\n\n\n<figure class=\"wp-block-image size-large\"><a href=\"http:\/\/www.lovelldeco.fr\/bl\/wp-content\/uploads\/2021\/05\/l1.jpg\"><img loading=\"lazy\" decoding=\"async\" width=\"1024\" height=\"574\" src=\"http:\/\/www.lovelldeco.fr\/bl\/wp-content\/uploads\/2021\/05\/l1-1024x574.jpg\" alt=\"\" class=\"wp-image-1854\" srcset=\"https:\/\/www.lovelldeco.fr\/bl\/wp-content\/uploads\/2021\/05\/l1-1024x574.jpg 1024w, https:\/\/www.lovelldeco.fr\/bl\/wp-content\/uploads\/2021\/05\/l1-300x168.jpg 300w, https:\/\/www.lovelldeco.fr\/bl\/wp-content\/uploads\/2021\/05\/l1-768x431.jpg 768w, https:\/\/www.lovelldeco.fr\/bl\/wp-content\/uploads\/2021\/05\/l1-624x350.jpg 624w, https:\/\/www.lovelldeco.fr\/bl\/wp-content\/uploads\/2021\/05\/l1.jpg 1341w\" sizes=\"auto, (max-width: 1024px) 100vw, 1024px\" \/><\/a><figcaption class=\"wp-element-caption\">Le salon et l&rsquo;espace bureau<\/figcaption><\/figure>\n\n\n\n<figure class=\"wp-block-image size-large\"><a href=\"http:\/\/www.lovelldeco.fr\/bl\/wp-content\/uploads\/2021\/05\/IMG_7581.jpeg\"><img loading=\"lazy\" decoding=\"async\" width=\"1024\" height=\"1024\" src=\"http:\/\/www.lovelldeco.fr\/bl\/wp-content\/uploads\/2021\/05\/IMG_7581-1024x1024.jpeg\" alt=\"\" class=\"wp-image-1605\" srcset=\"https:\/\/www.lovelldeco.fr\/bl\/wp-content\/uploads\/2021\/05\/IMG_7581-1024x1024.jpeg 1024w, https:\/\/www.lovelldeco.fr\/bl\/wp-content\/uploads\/2021\/05\/IMG_7581-150x150.jpeg 150w, https:\/\/www.lovelldeco.fr\/bl\/wp-content\/uploads\/2021\/05\/IMG_7581-300x300.jpeg 300w, https:\/\/www.lovelldeco.fr\/bl\/wp-content\/uploads\/2021\/05\/IMG_7581-768x768.jpeg 768w, https:\/\/www.lovelldeco.fr\/bl\/wp-content\/uploads\/2021\/05\/IMG_7581-624x624.jpeg 624w\" sizes=\"auto, (max-width: 1024px) 100vw, 1024px\" \/><\/a><figcaption class=\"wp-element-caption\">la chambre<\/figcaption><\/figure>\n\n\n\n<figure class=\"wp-block-image size-large\"><a href=\"http:\/\/www.lovelldeco.fr\/bl\/wp-content\/uploads\/2022\/10\/Screenshot-2022-10-10_10-54-51-720-copie.jpg\"><img loading=\"lazy\" decoding=\"async\" width=\"1024\" height=\"562\" src=\"http:\/\/www.lovelldeco.fr\/bl\/wp-content\/uploads\/2022\/10\/Screenshot-2022-10-10_10-54-51-720-copie-1024x562.jpg\" alt=\"\" class=\"wp-image-1861\" srcset=\"https:\/\/www.lovelldeco.fr\/bl\/wp-content\/uploads\/2022\/10\/Screenshot-2022-10-10_10-54-51-720-copie-1024x562.jpg 1024w, https:\/\/www.lovelldeco.fr\/bl\/wp-content\/uploads\/2022\/10\/Screenshot-2022-10-10_10-54-51-720-copie-300x165.jpg 300w, https:\/\/www.lovelldeco.fr\/bl\/wp-content\/uploads\/2022\/10\/Screenshot-2022-10-10_10-54-51-720-copie-768x422.jpg 768w, https:\/\/www.lovelldeco.fr\/bl\/wp-content\/uploads\/2022\/10\/Screenshot-2022-10-10_10-54-51-720-copie-624x343.jpg 624w, https:\/\/www.lovelldeco.fr\/bl\/wp-content\/uploads\/2022\/10\/Screenshot-2022-10-10_10-54-51-720-copie.jpg 1171w\" sizes=\"auto, (max-width: 1024px) 100vw, 1024px\" \/><\/a><figcaption class=\"wp-element-caption\">la salle de bain<\/figcaption><\/figure>\n\n\n\n<p><\/p>\n","protected":false},"excerpt":{"rendered":"<p>Au d\u00e9part, une ambiance \u00a0rustique et sombre. \u00a0 La climatisation \u00a0mal plac\u00e9e et la cuisine trop petite et mal agenc\u00e9e. \u00a0 \u00a0 \u00a0 Le projet fut d&rsquo;ouvrir \u00a0entre la cuisine et le salon. Agencer diff\u00e9remment la cuisine, a\u00e9rer l&rsquo;espace, \u00a0tout en conservant le mobilier. \u00a0 Enlever le faux plafond face \u00e0 l&rsquo;escalier, repositionner la clim.Revoir [&hellip;]<\/p>\n","protected":false},"author":1,"featured_media":1856,"comment_status":"closed","ping_status":"closed","sticky":false,"template":"","format":"standard","meta":{"footnotes":""},"categories":[135,126,122,95,99,97,96,107,136,32,143,90,133,109,101,1,98,115,124,138,139,140,94,119,114,113,93,105],"tags":[],"class_list":["post-1637","post","type-post","status-publish","format-standard","has-post-thumbnail","hentry","category-agencement","category-agencement-cuisine","category-amenagement-a-partir-dun-plan","category-amenagement-interieur","category-architecture-dinterieur","category-bois-naturel","category-carreaux-de-ciment","category-coaching-deco","category-conception-architecturale","category-decoration-2","category-decoration-chaleureuse","category-decoration-interieur","category-departement-31","category-lovelldeco","category-mise-en-valeur","category-non-classe","category-optimisation-de-lespace","category-photos-avant-apres","category-plan-2d","category-plan-apres-travaux","category-plan-dagencement","category-plan-electrique","category-region-toulousaine","category-renovation-home-staging-renovation-amenagement-interieur","category-renovation-amenagement-interieur","category-renovation","category-toulouse","category-verriere"],"yoast_head":"<!-- This site is optimized with the Yoast SEO plugin v25.7 - https:\/\/yoast.com\/wordpress\/plugins\/seo\/ -->\n<title>Ambiance cosy pour cette petite Toulousaine : nouvel agencement, nouvelle d\u00e9coration. - LOVELL D\u00e9co - Architecture d&#039;int\u00e9rieur et d\u00e9coration<\/title>\n<meta name=\"robots\" content=\"index, follow, max-snippet:-1, max-image-preview:large, max-video-preview:-1\" \/>\n<link rel=\"canonical\" href=\"https:\/\/www.lovelldeco.fr\/bl\/2021\/05\/18\/ambiance-cosy-pour-cette-petite-toulousaine-nouvel-agencement-nouvelle-decoration\/\" \/>\n<meta property=\"og:locale\" content=\"fr_FR\" \/>\n<meta property=\"og:type\" content=\"article\" \/>\n<meta property=\"og:title\" content=\"Ambiance cosy pour cette petite Toulousaine : nouvel agencement, nouvelle d\u00e9coration. - LOVELL D\u00e9co - Architecture d&#039;int\u00e9rieur et d\u00e9coration\" \/>\n<meta property=\"og:description\" content=\"Au d\u00e9part, une ambiance \u00a0rustique et sombre. \u00a0 La climatisation \u00a0mal plac\u00e9e et la cuisine trop petite et mal agenc\u00e9e. \u00a0 \u00a0 \u00a0 Le projet fut d&rsquo;ouvrir \u00a0entre la cuisine et le salon. Agencer diff\u00e9remment la cuisine, a\u00e9rer l&rsquo;espace, \u00a0tout en conservant le mobilier. \u00a0 Enlever le faux plafond face \u00e0 l&rsquo;escalier, repositionner la clim.Revoir [&hellip;]\" \/>\n<meta property=\"og:url\" content=\"https:\/\/www.lovelldeco.fr\/bl\/2021\/05\/18\/ambiance-cosy-pour-cette-petite-toulousaine-nouvel-agencement-nouvelle-decoration\/\" \/>\n<meta property=\"og:site_name\" content=\"LOVELL D\u00e9co - Architecture d&#039;int\u00e9rieur et d\u00e9coration\" \/>\n<meta property=\"article:published_time\" content=\"2021-05-18T12:07:41+00:00\" \/>\n<meta property=\"article:modified_time\" content=\"2023-04-19T09:39:49+00:00\" \/>\n<meta property=\"og:image\" content=\"https:\/\/www.lovelldeco.fr\/bl\/wp-content\/uploads\/2022\/10\/l1.jpg\" \/>\n\t<meta property=\"og:image:width\" content=\"1341\" \/>\n\t<meta property=\"og:image:height\" content=\"752\" \/>\n\t<meta property=\"og:image:type\" content=\"image\/jpeg\" \/>\n<meta name=\"author\" content=\"lovell patricia\" \/>\n<meta name=\"twitter:card\" content=\"summary_large_image\" \/>\n<meta name=\"twitter:label1\" content=\"\u00c9crit par\" \/>\n\t<meta name=\"twitter:data1\" content=\"lovell patricia\" \/>\n<script type=\"application\/ld+json\" class=\"yoast-schema-graph\">{\"@context\":\"https:\/\/schema.org\",\"@graph\":[{\"@type\":\"WebPage\",\"@id\":\"https:\/\/www.lovelldeco.fr\/bl\/2021\/05\/18\/ambiance-cosy-pour-cette-petite-toulousaine-nouvel-agencement-nouvelle-decoration\/\",\"url\":\"https:\/\/www.lovelldeco.fr\/bl\/2021\/05\/18\/ambiance-cosy-pour-cette-petite-toulousaine-nouvel-agencement-nouvelle-decoration\/\",\"name\":\"Ambiance cosy pour cette petite Toulousaine : nouvel agencement, nouvelle d\u00e9coration. - LOVELL D\u00e9co - Architecture d&#039;int\u00e9rieur et d\u00e9coration\",\"isPartOf\":{\"@id\":\"https:\/\/www.lovelldeco.fr\/bl\/#website\"},\"primaryImageOfPage\":{\"@id\":\"https:\/\/www.lovelldeco.fr\/bl\/2021\/05\/18\/ambiance-cosy-pour-cette-petite-toulousaine-nouvel-agencement-nouvelle-decoration\/#primaryimage\"},\"image\":{\"@id\":\"https:\/\/www.lovelldeco.fr\/bl\/2021\/05\/18\/ambiance-cosy-pour-cette-petite-toulousaine-nouvel-agencement-nouvelle-decoration\/#primaryimage\"},\"thumbnailUrl\":\"https:\/\/www.lovelldeco.fr\/bl\/wp-content\/uploads\/2022\/10\/l1.jpg\",\"datePublished\":\"2021-05-18T12:07:41+00:00\",\"dateModified\":\"2023-04-19T09:39:49+00:00\",\"author\":{\"@id\":\"https:\/\/www.lovelldeco.fr\/bl\/#\/schema\/person\/39062999c940ea77282199682ae213f9\"},\"breadcrumb\":{\"@id\":\"https:\/\/www.lovelldeco.fr\/bl\/2021\/05\/18\/ambiance-cosy-pour-cette-petite-toulousaine-nouvel-agencement-nouvelle-decoration\/#breadcrumb\"},\"inLanguage\":\"fr-FR\",\"potentialAction\":[{\"@type\":\"ReadAction\",\"target\":[\"https:\/\/www.lovelldeco.fr\/bl\/2021\/05\/18\/ambiance-cosy-pour-cette-petite-toulousaine-nouvel-agencement-nouvelle-decoration\/\"]}]},{\"@type\":\"ImageObject\",\"inLanguage\":\"fr-FR\",\"@id\":\"https:\/\/www.lovelldeco.fr\/bl\/2021\/05\/18\/ambiance-cosy-pour-cette-petite-toulousaine-nouvel-agencement-nouvelle-decoration\/#primaryimage\",\"url\":\"https:\/\/www.lovelldeco.fr\/bl\/wp-content\/uploads\/2022\/10\/l1.jpg\",\"contentUrl\":\"https:\/\/www.lovelldeco.fr\/bl\/wp-content\/uploads\/2022\/10\/l1.jpg\",\"width\":1341,\"height\":752},{\"@type\":\"BreadcrumbList\",\"@id\":\"https:\/\/www.lovelldeco.fr\/bl\/2021\/05\/18\/ambiance-cosy-pour-cette-petite-toulousaine-nouvel-agencement-nouvelle-decoration\/#breadcrumb\",\"itemListElement\":[{\"@type\":\"ListItem\",\"position\":1,\"name\":\"Accueil\",\"item\":\"https:\/\/www.lovelldeco.fr\/bl\/\"},{\"@type\":\"ListItem\",\"position\":2,\"name\":\"Ambiance cosy pour cette petite Toulousaine : nouvel agencement, nouvelle d\u00e9coration.\"}]},{\"@type\":\"WebSite\",\"@id\":\"https:\/\/www.lovelldeco.fr\/bl\/#website\",\"url\":\"https:\/\/www.lovelldeco.fr\/bl\/\",\"name\":\"LOVELL D\u00e9co - Architecture d&#039;int\u00e9rieur et d\u00e9coration\",\"description\":\"R\u00e9inventons votre int\u00e9rieur\",\"potentialAction\":[{\"@type\":\"SearchAction\",\"target\":{\"@type\":\"EntryPoint\",\"urlTemplate\":\"https:\/\/www.lovelldeco.fr\/bl\/?s={search_term_string}\"},\"query-input\":{\"@type\":\"PropertyValueSpecification\",\"valueRequired\":true,\"valueName\":\"search_term_string\"}}],\"inLanguage\":\"fr-FR\"},{\"@type\":\"Person\",\"@id\":\"https:\/\/www.lovelldeco.fr\/bl\/#\/schema\/person\/39062999c940ea77282199682ae213f9\",\"name\":\"lovell patricia\",\"image\":{\"@type\":\"ImageObject\",\"inLanguage\":\"fr-FR\",\"@id\":\"https:\/\/www.lovelldeco.fr\/bl\/#\/schema\/person\/image\/\",\"url\":\"https:\/\/secure.gravatar.com\/avatar\/8e4d260d910b5ea661282a3e535989037309b9eae7dddd11417f2c72f96a2364?s=96&d=mm&r=g\",\"contentUrl\":\"https:\/\/secure.gravatar.com\/avatar\/8e4d260d910b5ea661282a3e535989037309b9eae7dddd11417f2c72f96a2364?s=96&d=mm&r=g\",\"caption\":\"lovell patricia\"},\"description\":\"Patricia Lovell vous pr\u00e9sente ses prestations de d\u00e9coration et de home staging par le biais du site www.lovelldeco.fr. lovell patricia\",\"sameAs\":[\"http:\/\/www.lovelldeco.fr\/\"],\"url\":\"https:\/\/www.lovelldeco.fr\/bl\/author\/patyvell\/\"}]}<\/script>\n<!-- \/ Yoast SEO plugin. -->","yoast_head_json":{"title":"Ambiance cosy pour cette petite Toulousaine : nouvel agencement, nouvelle d\u00e9coration. - LOVELL D\u00e9co - Architecture d&#039;int\u00e9rieur et d\u00e9coration","robots":{"index":"index","follow":"follow","max-snippet":"max-snippet:-1","max-image-preview":"max-image-preview:large","max-video-preview":"max-video-preview:-1"},"canonical":"https:\/\/www.lovelldeco.fr\/bl\/2021\/05\/18\/ambiance-cosy-pour-cette-petite-toulousaine-nouvel-agencement-nouvelle-decoration\/","og_locale":"fr_FR","og_type":"article","og_title":"Ambiance cosy pour cette petite Toulousaine : nouvel agencement, nouvelle d\u00e9coration. - LOVELL D\u00e9co - Architecture d&#039;int\u00e9rieur et d\u00e9coration","og_description":"Au d\u00e9part, une ambiance \u00a0rustique et sombre. \u00a0 La climatisation \u00a0mal plac\u00e9e et la cuisine trop petite et mal agenc\u00e9e. \u00a0 \u00a0 \u00a0 Le projet fut d&rsquo;ouvrir \u00a0entre la cuisine et le salon. Agencer diff\u00e9remment la cuisine, a\u00e9rer l&rsquo;espace, \u00a0tout en conservant le mobilier. \u00a0 Enlever le faux plafond face \u00e0 l&rsquo;escalier, repositionner la clim.Revoir [&hellip;]","og_url":"https:\/\/www.lovelldeco.fr\/bl\/2021\/05\/18\/ambiance-cosy-pour-cette-petite-toulousaine-nouvel-agencement-nouvelle-decoration\/","og_site_name":"LOVELL D\u00e9co - Architecture d&#039;int\u00e9rieur et d\u00e9coration","article_published_time":"2021-05-18T12:07:41+00:00","article_modified_time":"2023-04-19T09:39:49+00:00","og_image":[{"width":1341,"height":752,"url":"https:\/\/www.lovelldeco.fr\/bl\/wp-content\/uploads\/2022\/10\/l1.jpg","type":"image\/jpeg"}],"author":"lovell patricia","twitter_card":"summary_large_image","twitter_misc":{"\u00c9crit par":"lovell patricia"},"schema":{"@context":"https:\/\/schema.org","@graph":[{"@type":"WebPage","@id":"https:\/\/www.lovelldeco.fr\/bl\/2021\/05\/18\/ambiance-cosy-pour-cette-petite-toulousaine-nouvel-agencement-nouvelle-decoration\/","url":"https:\/\/www.lovelldeco.fr\/bl\/2021\/05\/18\/ambiance-cosy-pour-cette-petite-toulousaine-nouvel-agencement-nouvelle-decoration\/","name":"Ambiance cosy pour cette petite Toulousaine : nouvel agencement, nouvelle d\u00e9coration. - LOVELL D\u00e9co - Architecture d&#039;int\u00e9rieur et d\u00e9coration","isPartOf":{"@id":"https:\/\/www.lovelldeco.fr\/bl\/#website"},"primaryImageOfPage":{"@id":"https:\/\/www.lovelldeco.fr\/bl\/2021\/05\/18\/ambiance-cosy-pour-cette-petite-toulousaine-nouvel-agencement-nouvelle-decoration\/#primaryimage"},"image":{"@id":"https:\/\/www.lovelldeco.fr\/bl\/2021\/05\/18\/ambiance-cosy-pour-cette-petite-toulousaine-nouvel-agencement-nouvelle-decoration\/#primaryimage"},"thumbnailUrl":"https:\/\/www.lovelldeco.fr\/bl\/wp-content\/uploads\/2022\/10\/l1.jpg","datePublished":"2021-05-18T12:07:41+00:00","dateModified":"2023-04-19T09:39:49+00:00","author":{"@id":"https:\/\/www.lovelldeco.fr\/bl\/#\/schema\/person\/39062999c940ea77282199682ae213f9"},"breadcrumb":{"@id":"https:\/\/www.lovelldeco.fr\/bl\/2021\/05\/18\/ambiance-cosy-pour-cette-petite-toulousaine-nouvel-agencement-nouvelle-decoration\/#breadcrumb"},"inLanguage":"fr-FR","potentialAction":[{"@type":"ReadAction","target":["https:\/\/www.lovelldeco.fr\/bl\/2021\/05\/18\/ambiance-cosy-pour-cette-petite-toulousaine-nouvel-agencement-nouvelle-decoration\/"]}]},{"@type":"ImageObject","inLanguage":"fr-FR","@id":"https:\/\/www.lovelldeco.fr\/bl\/2021\/05\/18\/ambiance-cosy-pour-cette-petite-toulousaine-nouvel-agencement-nouvelle-decoration\/#primaryimage","url":"https:\/\/www.lovelldeco.fr\/bl\/wp-content\/uploads\/2022\/10\/l1.jpg","contentUrl":"https:\/\/www.lovelldeco.fr\/bl\/wp-content\/uploads\/2022\/10\/l1.jpg","width":1341,"height":752},{"@type":"BreadcrumbList","@id":"https:\/\/www.lovelldeco.fr\/bl\/2021\/05\/18\/ambiance-cosy-pour-cette-petite-toulousaine-nouvel-agencement-nouvelle-decoration\/#breadcrumb","itemListElement":[{"@type":"ListItem","position":1,"name":"Accueil","item":"https:\/\/www.lovelldeco.fr\/bl\/"},{"@type":"ListItem","position":2,"name":"Ambiance cosy pour cette petite Toulousaine : nouvel agencement, nouvelle d\u00e9coration."}]},{"@type":"WebSite","@id":"https:\/\/www.lovelldeco.fr\/bl\/#website","url":"https:\/\/www.lovelldeco.fr\/bl\/","name":"LOVELL D\u00e9co - Architecture d&#039;int\u00e9rieur et d\u00e9coration","description":"R\u00e9inventons votre int\u00e9rieur","potentialAction":[{"@type":"SearchAction","target":{"@type":"EntryPoint","urlTemplate":"https:\/\/www.lovelldeco.fr\/bl\/?s={search_term_string}"},"query-input":{"@type":"PropertyValueSpecification","valueRequired":true,"valueName":"search_term_string"}}],"inLanguage":"fr-FR"},{"@type":"Person","@id":"https:\/\/www.lovelldeco.fr\/bl\/#\/schema\/person\/39062999c940ea77282199682ae213f9","name":"lovell patricia","image":{"@type":"ImageObject","inLanguage":"fr-FR","@id":"https:\/\/www.lovelldeco.fr\/bl\/#\/schema\/person\/image\/","url":"https:\/\/secure.gravatar.com\/avatar\/8e4d260d910b5ea661282a3e535989037309b9eae7dddd11417f2c72f96a2364?s=96&d=mm&r=g","contentUrl":"https:\/\/secure.gravatar.com\/avatar\/8e4d260d910b5ea661282a3e535989037309b9eae7dddd11417f2c72f96a2364?s=96&d=mm&r=g","caption":"lovell patricia"},"description":"Patricia Lovell vous pr\u00e9sente ses prestations de d\u00e9coration et de home staging par le biais du site www.lovelldeco.fr. lovell patricia","sameAs":["http:\/\/www.lovelldeco.fr\/"],"url":"https:\/\/www.lovelldeco.fr\/bl\/author\/patyvell\/"}]}},"_links":{"self":[{"href":"https:\/\/www.lovelldeco.fr\/bl\/wp-json\/wp\/v2\/posts\/1637","targetHints":{"allow":["GET"]}}],"collection":[{"href":"https:\/\/www.lovelldeco.fr\/bl\/wp-json\/wp\/v2\/posts"}],"about":[{"href":"https:\/\/www.lovelldeco.fr\/bl\/wp-json\/wp\/v2\/types\/post"}],"author":[{"embeddable":true,"href":"https:\/\/www.lovelldeco.fr\/bl\/wp-json\/wp\/v2\/users\/1"}],"replies":[{"embeddable":true,"href":"https:\/\/www.lovelldeco.fr\/bl\/wp-json\/wp\/v2\/comments?post=1637"}],"version-history":[{"count":9,"href":"https:\/\/www.lovelldeco.fr\/bl\/wp-json\/wp\/v2\/posts\/1637\/revisions"}],"predecessor-version":[{"id":1904,"href":"https:\/\/www.lovelldeco.fr\/bl\/wp-json\/wp\/v2\/posts\/1637\/revisions\/1904"}],"wp:featuredmedia":[{"embeddable":true,"href":"https:\/\/www.lovelldeco.fr\/bl\/wp-json\/wp\/v2\/media\/1856"}],"wp:attachment":[{"href":"https:\/\/www.lovelldeco.fr\/bl\/wp-json\/wp\/v2\/media?parent=1637"}],"wp:term":[{"taxonomy":"category","embeddable":true,"href":"https:\/\/www.lovelldeco.fr\/bl\/wp-json\/wp\/v2\/categories?post=1637"},{"taxonomy":"post_tag","embeddable":true,"href":"https:\/\/www.lovelldeco.fr\/bl\/wp-json\/wp\/v2\/tags?post=1637"}],"curies":[{"name":"wp","href":"https:\/\/api.w.org\/{rel}","templated":true}]}}