{"id":1508,"date":"2020-03-14T18:08:14","date_gmt":"2020-03-14T17:08:14","guid":{"rendered":"http:\/\/www.lovelldeco.fr\/bl\/?p=1508"},"modified":"2020-06-05T17:49:34","modified_gmt":"2020-06-05T16:49:34","slug":"agencement-et-decoration-dune-boutique-de-vetements","status":"publish","type":"post","link":"https:\/\/www.lovelldeco.fr\/bl\/2020\/03\/14\/agencement-et-decoration-dune-boutique-de-vetements\/","title":{"rendered":"Agencement et d\u00e9coration  d&rsquo;une boutique  de v\u00eatements"},"content":{"rendered":"<p>Chez Look By Lia \u00e0 Toulouse<\/p>\n<p><img loading=\"lazy\" decoding=\"async\" class=\"alignright size-full wp-image-1511\" src=\"http:\/\/www.lovelldeco.fr\/bl\/wp-content\/uploads\/2020\/05\/IMG_20200303_175147.jpg\" alt=\"IMG_20200303_175147\" width=\"3968\" height=\"2976\" srcset=\"https:\/\/www.lovelldeco.fr\/bl\/wp-content\/uploads\/2020\/05\/IMG_20200303_175147.jpg 3968w, https:\/\/www.lovelldeco.fr\/bl\/wp-content\/uploads\/2020\/05\/IMG_20200303_175147-300x225.jpg 300w, https:\/\/www.lovelldeco.fr\/bl\/wp-content\/uploads\/2020\/05\/IMG_20200303_175147-768x576.jpg 768w, https:\/\/www.lovelldeco.fr\/bl\/wp-content\/uploads\/2020\/05\/IMG_20200303_175147-1024x768.jpg 1024w\" sizes=\"auto, (max-width: 3968px) 100vw, 3968px\" \/><\/p>\n<div style=\"width: 625px;\" class=\"wp-video\"><!--[if lt IE 9]><script>document.createElement('video');<\/script><![endif]-->\n<video class=\"wp-video-shortcode\" id=\"video-1508-1\" width=\"625\" height=\"352\" preload=\"metadata\" controls=\"controls\"><source type=\"video\/mp4\" src=\"http:\/\/www.lovelldeco.fr\/bl\/wp-content\/uploads\/2020\/05\/lia.222dskp.mp4?_=1\" \/><a href=\"http:\/\/www.lovelldeco.fr\/bl\/wp-content\/uploads\/2020\/05\/lia.222dskp.mp4\">http:\/\/www.lovelldeco.fr\/bl\/wp-content\/uploads\/2020\/05\/lia.222dskp.mp4<\/a><\/video><\/div>\n<p>Projet<\/p>\n<div style=\"width: 2570px\" class=\"wp-caption alignright\"><img loading=\"lazy\" decoding=\"async\" class=\"wp-image-1510 size-full\" src=\"http:\/\/www.lovelldeco.fr\/bl\/wp-content\/uploads\/2020\/05\/Sc\u00e8ne-1.jpg\" alt=\"Sc\u00e8ne 1\" width=\"2560\" height=\"1920\" srcset=\"https:\/\/www.lovelldeco.fr\/bl\/wp-content\/uploads\/2020\/05\/Sc\u00e8ne-1.jpg 2560w, https:\/\/www.lovelldeco.fr\/bl\/wp-content\/uploads\/2020\/05\/Sc\u00e8ne-1-300x225.jpg 300w, https:\/\/www.lovelldeco.fr\/bl\/wp-content\/uploads\/2020\/05\/Sc\u00e8ne-1-768x576.jpg 768w, https:\/\/www.lovelldeco.fr\/bl\/wp-content\/uploads\/2020\/05\/Sc\u00e8ne-1-1024x768.jpg 1024w\" sizes=\"auto, (max-width: 2560px) 100vw, 2560px\" \/><p class=\"wp-caption-text\">image 3D<\/p><\/div>\n<p>&nbsp;<\/p>\n<\/div>\n<div id=\"attachment_1541\" style=\"width: 1610px\" class=\"wp-caption alignleft\"><img loading=\"lazy\" decoding=\"async\" aria-describedby=\"caption-attachment-1541\" class=\"wp-image-1541 size-full\" src=\"http:\/\/www.lovelldeco.fr\/bl\/wp-content\/uploads\/2020\/03\/WhatsApp-Image-2020-05-19-at-12.48.35-AM.jpeg\" alt=\"WhatsApp Image 2020-05-19 at 12.48.35 AM\" width=\"1600\" height=\"900\" srcset=\"https:\/\/www.lovelldeco.fr\/bl\/wp-content\/uploads\/2020\/03\/WhatsApp-Image-2020-05-19-at-12.48.35-AM.jpeg 1600w, https:\/\/www.lovelldeco.fr\/bl\/wp-content\/uploads\/2020\/03\/WhatsApp-Image-2020-05-19-at-12.48.35-AM-300x169.jpeg 300w, https:\/\/www.lovelldeco.fr\/bl\/wp-content\/uploads\/2020\/03\/WhatsApp-Image-2020-05-19-at-12.48.35-AM-768x432.jpeg 768w, https:\/\/www.lovelldeco.fr\/bl\/wp-content\/uploads\/2020\/03\/WhatsApp-Image-2020-05-19-at-12.48.35-AM-1024x576.jpeg 1024w, https:\/\/www.lovelldeco.fr\/bl\/wp-content\/uploads\/2020\/03\/WhatsApp-Image-2020-05-19-at-12.48.35-AM-624x351.jpeg 624w\" sizes=\"auto, (max-width: 1600px) 100vw, 1600px\" \/><p id=\"caption-attachment-1541\" class=\"wp-caption-text\">r\u00e9alisation<\/p><\/div>\n<p><img loading=\"lazy\" decoding=\"async\" class=\"alignright size-full wp-image-1543\" src=\"http:\/\/www.lovelldeco.fr\/bl\/wp-content\/uploads\/2020\/03\/WhatsApp-Image-2020-05-19-at-12.49.22-AM.jpeg\" alt=\"WhatsApp Image 2020-05-19 at 12.49.22 AM\" width=\"1600\" height=\"900\" srcset=\"https:\/\/www.lovelldeco.fr\/bl\/wp-content\/uploads\/2020\/03\/WhatsApp-Image-2020-05-19-at-12.49.22-AM.jpeg 1600w, https:\/\/www.lovelldeco.fr\/bl\/wp-content\/uploads\/2020\/03\/WhatsApp-Image-2020-05-19-at-12.49.22-AM-300x169.jpeg 300w, https:\/\/www.lovelldeco.fr\/bl\/wp-content\/uploads\/2020\/03\/WhatsApp-Image-2020-05-19-at-12.49.22-AM-768x432.jpeg 768w, https:\/\/www.lovelldeco.fr\/bl\/wp-content\/uploads\/2020\/03\/WhatsApp-Image-2020-05-19-at-12.49.22-AM-1024x576.jpeg 1024w, https:\/\/www.lovelldeco.fr\/bl\/wp-content\/uploads\/2020\/03\/WhatsApp-Image-2020-05-19-at-12.49.22-AM-624x351.jpeg 624w\" sizes=\"auto, (max-width: 1600px) 100vw, 1600px\" \/><\/p>\n","protected":false},"excerpt":{"rendered":"<p>Chez Look By Lia \u00e0 Toulouse Projet &nbsp;<\/p>\n","protected":false},"author":1,"featured_media":0,"comment_status":"closed","ping_status":"closed","sticky":false,"template":"","format":"standard","meta":{"footnotes":""},"categories":[121,135,95,99,148,90,142,109,1,98,147,94,114,93],"tags":[],"class_list":["post-1508","post","type-post","status-publish","format-standard","hentry","category-3d-photo-realistes","category-agencement","category-amenagement-interieur","category-architecture-dinterieur","category-boutique-de-vetements","category-decoration-interieur","category-erp","category-lovelldeco","category-non-classe","category-optimisation-de-lespace","category-professionnels","category-region-toulousaine","category-renovation-amenagement-interieur","category-toulouse"],"yoast_head":"<!-- This site is optimized with the Yoast SEO plugin v25.7 - https:\/\/yoast.com\/wordpress\/plugins\/seo\/ -->\n<title>Agencement et d\u00e9coration d&#039;une boutique de v\u00eatements - LOVELL D\u00e9co - Architecture d&#039;int\u00e9rieur et d\u00e9coration<\/title>\n<meta name=\"robots\" content=\"index, follow, max-snippet:-1, max-image-preview:large, max-video-preview:-1\" \/>\n<link rel=\"canonical\" href=\"https:\/\/www.lovelldeco.fr\/bl\/2020\/03\/14\/agencement-et-decoration-dune-boutique-de-vetements\/\" \/>\n<meta property=\"og:locale\" content=\"fr_FR\" \/>\n<meta property=\"og:type\" content=\"article\" \/>\n<meta property=\"og:title\" content=\"Agencement et d\u00e9coration d&#039;une boutique de v\u00eatements - LOVELL D\u00e9co - Architecture d&#039;int\u00e9rieur et d\u00e9coration\" \/>\n<meta property=\"og:description\" content=\"Chez Look By Lia \u00e0 Toulouse Projet &nbsp;\" \/>\n<meta property=\"og:url\" content=\"https:\/\/www.lovelldeco.fr\/bl\/2020\/03\/14\/agencement-et-decoration-dune-boutique-de-vetements\/\" \/>\n<meta property=\"og:site_name\" content=\"LOVELL D\u00e9co - Architecture d&#039;int\u00e9rieur et d\u00e9coration\" \/>\n<meta property=\"article:published_time\" content=\"2020-03-14T17:08:14+00:00\" \/>\n<meta property=\"article:modified_time\" content=\"2020-06-05T16:49:34+00:00\" \/>\n<meta property=\"og:image\" content=\"https:\/\/www.lovelldeco.fr\/bl\/wp-content\/uploads\/2020\/05\/IMG_20200303_175147-1024x768.jpg\" \/>\n\t<meta property=\"og:image:width\" content=\"1024\" \/>\n\t<meta property=\"og:image:height\" content=\"768\" \/>\n\t<meta property=\"og:image:type\" content=\"image\/jpeg\" \/>\n<meta name=\"author\" content=\"lovell patricia\" \/>\n<meta name=\"twitter:card\" content=\"summary_large_image\" \/>\n<meta name=\"twitter:label1\" content=\"\u00c9crit par\" \/>\n\t<meta name=\"twitter:data1\" content=\"lovell patricia\" \/>\n<script type=\"application\/ld+json\" class=\"yoast-schema-graph\">{\"@context\":\"https:\/\/schema.org\",\"@graph\":[{\"@type\":\"WebPage\",\"@id\":\"https:\/\/www.lovelldeco.fr\/bl\/2020\/03\/14\/agencement-et-decoration-dune-boutique-de-vetements\/\",\"url\":\"https:\/\/www.lovelldeco.fr\/bl\/2020\/03\/14\/agencement-et-decoration-dune-boutique-de-vetements\/\",\"name\":\"Agencement et d\u00e9coration d'une boutique de v\u00eatements - LOVELL D\u00e9co - Architecture d&#039;int\u00e9rieur et d\u00e9coration\",\"isPartOf\":{\"@id\":\"https:\/\/www.lovelldeco.fr\/bl\/#website\"},\"primaryImageOfPage\":{\"@id\":\"https:\/\/www.lovelldeco.fr\/bl\/2020\/03\/14\/agencement-et-decoration-dune-boutique-de-vetements\/#primaryimage\"},\"image\":{\"@id\":\"https:\/\/www.lovelldeco.fr\/bl\/2020\/03\/14\/agencement-et-decoration-dune-boutique-de-vetements\/#primaryimage\"},\"thumbnailUrl\":\"http:\/\/www.lovelldeco.fr\/bl\/wp-content\/uploads\/2020\/05\/IMG_20200303_175147.jpg\",\"datePublished\":\"2020-03-14T17:08:14+00:00\",\"dateModified\":\"2020-06-05T16:49:34+00:00\",\"author\":{\"@id\":\"https:\/\/www.lovelldeco.fr\/bl\/#\/schema\/person\/39062999c940ea77282199682ae213f9\"},\"breadcrumb\":{\"@id\":\"https:\/\/www.lovelldeco.fr\/bl\/2020\/03\/14\/agencement-et-decoration-dune-boutique-de-vetements\/#breadcrumb\"},\"inLanguage\":\"fr-FR\",\"potentialAction\":[{\"@type\":\"ReadAction\",\"target\":[\"https:\/\/www.lovelldeco.fr\/bl\/2020\/03\/14\/agencement-et-decoration-dune-boutique-de-vetements\/\"]}]},{\"@type\":\"ImageObject\",\"inLanguage\":\"fr-FR\",\"@id\":\"https:\/\/www.lovelldeco.fr\/bl\/2020\/03\/14\/agencement-et-decoration-dune-boutique-de-vetements\/#primaryimage\",\"url\":\"https:\/\/www.lovelldeco.fr\/bl\/wp-content\/uploads\/2020\/05\/IMG_20200303_175147.jpg\",\"contentUrl\":\"https:\/\/www.lovelldeco.fr\/bl\/wp-content\/uploads\/2020\/05\/IMG_20200303_175147.jpg\",\"width\":3968,\"height\":2976},{\"@type\":\"BreadcrumbList\",\"@id\":\"https:\/\/www.lovelldeco.fr\/bl\/2020\/03\/14\/agencement-et-decoration-dune-boutique-de-vetements\/#breadcrumb\",\"itemListElement\":[{\"@type\":\"ListItem\",\"position\":1,\"name\":\"Accueil\",\"item\":\"https:\/\/www.lovelldeco.fr\/bl\/\"},{\"@type\":\"ListItem\",\"position\":2,\"name\":\"Agencement et d\u00e9coration d&rsquo;une boutique de v\u00eatements\"}]},{\"@type\":\"WebSite\",\"@id\":\"https:\/\/www.lovelldeco.fr\/bl\/#website\",\"url\":\"https:\/\/www.lovelldeco.fr\/bl\/\",\"name\":\"LOVELL D\u00e9co - Architecture d&#039;int\u00e9rieur et d\u00e9coration\",\"description\":\"R\u00e9inventons votre int\u00e9rieur\",\"potentialAction\":[{\"@type\":\"SearchAction\",\"target\":{\"@type\":\"EntryPoint\",\"urlTemplate\":\"https:\/\/www.lovelldeco.fr\/bl\/?s={search_term_string}\"},\"query-input\":{\"@type\":\"PropertyValueSpecification\",\"valueRequired\":true,\"valueName\":\"search_term_string\"}}],\"inLanguage\":\"fr-FR\"},{\"@type\":\"Person\",\"@id\":\"https:\/\/www.lovelldeco.fr\/bl\/#\/schema\/person\/39062999c940ea77282199682ae213f9\",\"name\":\"lovell patricia\",\"image\":{\"@type\":\"ImageObject\",\"inLanguage\":\"fr-FR\",\"@id\":\"https:\/\/www.lovelldeco.fr\/bl\/#\/schema\/person\/image\/\",\"url\":\"https:\/\/secure.gravatar.com\/avatar\/8e4d260d910b5ea661282a3e535989037309b9eae7dddd11417f2c72f96a2364?s=96&d=mm&r=g\",\"contentUrl\":\"https:\/\/secure.gravatar.com\/avatar\/8e4d260d910b5ea661282a3e535989037309b9eae7dddd11417f2c72f96a2364?s=96&d=mm&r=g\",\"caption\":\"lovell patricia\"},\"description\":\"Patricia Lovell vous pr\u00e9sente ses prestations de d\u00e9coration et de home staging par le biais du site www.lovelldeco.fr. lovell patricia\",\"sameAs\":[\"http:\/\/www.lovelldeco.fr\/\"],\"url\":\"https:\/\/www.lovelldeco.fr\/bl\/author\/patyvell\/\"}]}<\/script>\n<!-- \/ Yoast SEO plugin. -->","yoast_head_json":{"title":"Agencement et d\u00e9coration d'une boutique de v\u00eatements - LOVELL D\u00e9co - Architecture d&#039;int\u00e9rieur et d\u00e9coration","robots":{"index":"index","follow":"follow","max-snippet":"max-snippet:-1","max-image-preview":"max-image-preview:large","max-video-preview":"max-video-preview:-1"},"canonical":"https:\/\/www.lovelldeco.fr\/bl\/2020\/03\/14\/agencement-et-decoration-dune-boutique-de-vetements\/","og_locale":"fr_FR","og_type":"article","og_title":"Agencement et d\u00e9coration d'une boutique de v\u00eatements - LOVELL D\u00e9co - Architecture d&#039;int\u00e9rieur et d\u00e9coration","og_description":"Chez Look By Lia \u00e0 Toulouse Projet &nbsp;","og_url":"https:\/\/www.lovelldeco.fr\/bl\/2020\/03\/14\/agencement-et-decoration-dune-boutique-de-vetements\/","og_site_name":"LOVELL D\u00e9co - Architecture d&#039;int\u00e9rieur et d\u00e9coration","article_published_time":"2020-03-14T17:08:14+00:00","article_modified_time":"2020-06-05T16:49:34+00:00","og_image":[{"width":1024,"height":768,"url":"https:\/\/www.lovelldeco.fr\/bl\/wp-content\/uploads\/2020\/05\/IMG_20200303_175147-1024x768.jpg","type":"image\/jpeg"}],"author":"lovell patricia","twitter_card":"summary_large_image","twitter_misc":{"\u00c9crit par":"lovell patricia"},"schema":{"@context":"https:\/\/schema.org","@graph":[{"@type":"WebPage","@id":"https:\/\/www.lovelldeco.fr\/bl\/2020\/03\/14\/agencement-et-decoration-dune-boutique-de-vetements\/","url":"https:\/\/www.lovelldeco.fr\/bl\/2020\/03\/14\/agencement-et-decoration-dune-boutique-de-vetements\/","name":"Agencement et d\u00e9coration d'une boutique de v\u00eatements - LOVELL D\u00e9co - Architecture d&#039;int\u00e9rieur et d\u00e9coration","isPartOf":{"@id":"https:\/\/www.lovelldeco.fr\/bl\/#website"},"primaryImageOfPage":{"@id":"https:\/\/www.lovelldeco.fr\/bl\/2020\/03\/14\/agencement-et-decoration-dune-boutique-de-vetements\/#primaryimage"},"image":{"@id":"https:\/\/www.lovelldeco.fr\/bl\/2020\/03\/14\/agencement-et-decoration-dune-boutique-de-vetements\/#primaryimage"},"thumbnailUrl":"http:\/\/www.lovelldeco.fr\/bl\/wp-content\/uploads\/2020\/05\/IMG_20200303_175147.jpg","datePublished":"2020-03-14T17:08:14+00:00","dateModified":"2020-06-05T16:49:34+00:00","author":{"@id":"https:\/\/www.lovelldeco.fr\/bl\/#\/schema\/person\/39062999c940ea77282199682ae213f9"},"breadcrumb":{"@id":"https:\/\/www.lovelldeco.fr\/bl\/2020\/03\/14\/agencement-et-decoration-dune-boutique-de-vetements\/#breadcrumb"},"inLanguage":"fr-FR","potentialAction":[{"@type":"ReadAction","target":["https:\/\/www.lovelldeco.fr\/bl\/2020\/03\/14\/agencement-et-decoration-dune-boutique-de-vetements\/"]}]},{"@type":"ImageObject","inLanguage":"fr-FR","@id":"https:\/\/www.lovelldeco.fr\/bl\/2020\/03\/14\/agencement-et-decoration-dune-boutique-de-vetements\/#primaryimage","url":"https:\/\/www.lovelldeco.fr\/bl\/wp-content\/uploads\/2020\/05\/IMG_20200303_175147.jpg","contentUrl":"https:\/\/www.lovelldeco.fr\/bl\/wp-content\/uploads\/2020\/05\/IMG_20200303_175147.jpg","width":3968,"height":2976},{"@type":"BreadcrumbList","@id":"https:\/\/www.lovelldeco.fr\/bl\/2020\/03\/14\/agencement-et-decoration-dune-boutique-de-vetements\/#breadcrumb","itemListElement":[{"@type":"ListItem","position":1,"name":"Accueil","item":"https:\/\/www.lovelldeco.fr\/bl\/"},{"@type":"ListItem","position":2,"name":"Agencement et d\u00e9coration d&rsquo;une boutique de v\u00eatements"}]},{"@type":"WebSite","@id":"https:\/\/www.lovelldeco.fr\/bl\/#website","url":"https:\/\/www.lovelldeco.fr\/bl\/","name":"LOVELL D\u00e9co - Architecture d&#039;int\u00e9rieur et d\u00e9coration","description":"R\u00e9inventons votre int\u00e9rieur","potentialAction":[{"@type":"SearchAction","target":{"@type":"EntryPoint","urlTemplate":"https:\/\/www.lovelldeco.fr\/bl\/?s={search_term_string}"},"query-input":{"@type":"PropertyValueSpecification","valueRequired":true,"valueName":"search_term_string"}}],"inLanguage":"fr-FR"},{"@type":"Person","@id":"https:\/\/www.lovelldeco.fr\/bl\/#\/schema\/person\/39062999c940ea77282199682ae213f9","name":"lovell patricia","image":{"@type":"ImageObject","inLanguage":"fr-FR","@id":"https:\/\/www.lovelldeco.fr\/bl\/#\/schema\/person\/image\/","url":"https:\/\/secure.gravatar.com\/avatar\/8e4d260d910b5ea661282a3e535989037309b9eae7dddd11417f2c72f96a2364?s=96&d=mm&r=g","contentUrl":"https:\/\/secure.gravatar.com\/avatar\/8e4d260d910b5ea661282a3e535989037309b9eae7dddd11417f2c72f96a2364?s=96&d=mm&r=g","caption":"lovell patricia"},"description":"Patricia Lovell vous pr\u00e9sente ses prestations de d\u00e9coration et de home staging par le biais du site www.lovelldeco.fr. lovell patricia","sameAs":["http:\/\/www.lovelldeco.fr\/"],"url":"https:\/\/www.lovelldeco.fr\/bl\/author\/patyvell\/"}]}},"_links":{"self":[{"href":"https:\/\/www.lovelldeco.fr\/bl\/wp-json\/wp\/v2\/posts\/1508","targetHints":{"allow":["GET"]}}],"collection":[{"href":"https:\/\/www.lovelldeco.fr\/bl\/wp-json\/wp\/v2\/posts"}],"about":[{"href":"https:\/\/www.lovelldeco.fr\/bl\/wp-json\/wp\/v2\/types\/post"}],"author":[{"embeddable":true,"href":"https:\/\/www.lovelldeco.fr\/bl\/wp-json\/wp\/v2\/users\/1"}],"replies":[{"embeddable":true,"href":"https:\/\/www.lovelldeco.fr\/bl\/wp-json\/wp\/v2\/comments?post=1508"}],"version-history":[{"count":4,"href":"https:\/\/www.lovelldeco.fr\/bl\/wp-json\/wp\/v2\/posts\/1508\/revisions"}],"predecessor-version":[{"id":1563,"href":"https:\/\/www.lovelldeco.fr\/bl\/wp-json\/wp\/v2\/posts\/1508\/revisions\/1563"}],"wp:attachment":[{"href":"https:\/\/www.lovelldeco.fr\/bl\/wp-json\/wp\/v2\/media?parent=1508"}],"wp:term":[{"taxonomy":"category","embeddable":true,"href":"https:\/\/www.lovelldeco.fr\/bl\/wp-json\/wp\/v2\/categories?post=1508"},{"taxonomy":"post_tag","embeddable":true,"href":"https:\/\/www.lovelldeco.fr\/bl\/wp-json\/wp\/v2\/tags?post=1508"}],"curies":[{"name":"wp","href":"https:\/\/api.w.org\/{rel}","templated":true}]}}