{"id":1421,"date":"2019-12-14T14:30:05","date_gmt":"2019-12-14T13:30:05","guid":{"rendered":"http:\/\/www.lovelldeco.fr\/bl\/?p=1421"},"modified":"2020-05-21T18:39:56","modified_gmt":"2020-05-21T17:39:56","slug":"projets-dinvestissements-locatifs-annee-20192020","status":"publish","type":"post","link":"https:\/\/www.lovelldeco.fr\/bl\/2019\/12\/14\/projets-dinvestissements-locatifs-annee-20192020\/","title":{"rendered":"Diff\u00e9rents projets d&rsquo;investissements locatifs"},"content":{"rendered":"<p><strong>Les objectifs<\/strong> \u00a0: Valoriser un bien pour le rendre attractif , rentabiliser les m2, ma\u00eetriser les co\u00fbts.<\/p>\n<p>Ma mission concevoir l&rsquo;agencement et la d\u00e9coration-Plans 2D avant et apr\u00e8s travaux<\/p>\n<p>&#8211; Plan d&rsquo;agencement 3D<\/p>\n<p>&#8211; Images photo-r\u00e9alistes du projet.<\/p>\n<p>-Listes d&rsquo;achats mat\u00e9riaux et d\u00e9coration.<\/p>\n<div id=\"attachment_1422\" style=\"width: 3978px\" class=\"wp-caption alignnone\"><img loading=\"lazy\" decoding=\"async\" aria-describedby=\"caption-attachment-1422\" class=\"wp-image-1422 size-full\" src=\"http:\/\/www.lovelldeco.fr\/bl\/wp-content\/uploads\/2020\/05\/IMG_20200213_114036.jpg\" alt=\"IMG_20200213_114036\" width=\"3968\" height=\"2976\" srcset=\"https:\/\/www.lovelldeco.fr\/bl\/wp-content\/uploads\/2020\/05\/IMG_20200213_114036.jpg 3968w, https:\/\/www.lovelldeco.fr\/bl\/wp-content\/uploads\/2020\/05\/IMG_20200213_114036-300x225.jpg 300w, https:\/\/www.lovelldeco.fr\/bl\/wp-content\/uploads\/2020\/05\/IMG_20200213_114036-768x576.jpg 768w, https:\/\/www.lovelldeco.fr\/bl\/wp-content\/uploads\/2020\/05\/IMG_20200213_114036-1024x768.jpg 1024w\" sizes=\"auto, (max-width: 3968px) 100vw, 3968px\" \/><p id=\"caption-attachment-1422\" class=\"wp-caption-text\">avant<\/p><\/div>\n<div id=\"attachment_1423\" style=\"width: 1666px\" class=\"wp-caption alignright\"><img loading=\"lazy\" decoding=\"async\" aria-describedby=\"caption-attachment-1423\" class=\"wp-image-1423 size-full\" src=\"http:\/\/www.lovelldeco.fr\/bl\/wp-content\/uploads\/2020\/05\/Screenshot-2020-05-14_15-03-07-546.png\" alt=\"Screenshot 2020-05-14_15-03-07-546\" width=\"1656\" height=\"1217\" srcset=\"https:\/\/www.lovelldeco.fr\/bl\/wp-content\/uploads\/2020\/05\/Screenshot-2020-05-14_15-03-07-546.png 1656w, https:\/\/www.lovelldeco.fr\/bl\/wp-content\/uploads\/2020\/05\/Screenshot-2020-05-14_15-03-07-546-300x220.png 300w, https:\/\/www.lovelldeco.fr\/bl\/wp-content\/uploads\/2020\/05\/Screenshot-2020-05-14_15-03-07-546-768x564.png 768w, https:\/\/www.lovelldeco.fr\/bl\/wp-content\/uploads\/2020\/05\/Screenshot-2020-05-14_15-03-07-546-1024x753.png 1024w\" sizes=\"auto, (max-width: 1656px) 100vw, 1656px\" \/><p id=\"caption-attachment-1423\" class=\"wp-caption-text\">apr\u00e8s<\/p><\/div>\n<p>Quelques projets<\/p>\n<div style=\"width: 625px;\" class=\"wp-video\"><!--[if lt IE 9]><script>document.createElement('video');<\/script><![endif]-->\n<video class=\"wp-video-shortcode\" id=\"video-1421-1\" width=\"625\" height=\"352\" preload=\"metadata\" controls=\"controls\"><source type=\"video\/mp4\" src=\"http:\/\/www.lovelldeco.fr\/bl\/wp-content\/uploads\/2020\/05\/aapartement-bF-3\u00e8me-\u00e9tageskp.mp4?_=1\" \/><a href=\"http:\/\/www.lovelldeco.fr\/bl\/wp-content\/uploads\/2020\/05\/aapartement-bF-3\u00e8me-\u00e9tageskp.mp4\">http:\/\/www.lovelldeco.fr\/bl\/wp-content\/uploads\/2020\/05\/aapartement-bF-3\u00e8me-\u00e9tageskp.mp4<\/a><\/video><\/div>\n<p><img loading=\"lazy\" decoding=\"async\" class=\"alignright size-full wp-image-1425\" src=\"http:\/\/www.lovelldeco.fr\/bl\/wp-content\/uploads\/2020\/05\/av-de-muret-avant.jpg\" alt=\"av de muret avant\" width=\"3968\" height=\"2976\" srcset=\"https:\/\/www.lovelldeco.fr\/bl\/wp-content\/uploads\/2020\/05\/av-de-muret-avant.jpg 3968w, https:\/\/www.lovelldeco.fr\/bl\/wp-content\/uploads\/2020\/05\/av-de-muret-avant-300x225.jpg 300w, https:\/\/www.lovelldeco.fr\/bl\/wp-content\/uploads\/2020\/05\/av-de-muret-avant-768x576.jpg 768w, https:\/\/www.lovelldeco.fr\/bl\/wp-content\/uploads\/2020\/05\/av-de-muret-avant-1024x768.jpg 1024w\" sizes=\"auto, (max-width: 3968px) 100vw, 3968px\" \/> <img loading=\"lazy\" decoding=\"async\" class=\"alignright size-full wp-image-1426\" src=\"http:\/\/www.lovelldeco.fr\/bl\/wp-content\/uploads\/2020\/05\/av-de-muret-apres-_2.jpg\" alt=\"av de muret apres _2\" width=\"2560\" height=\"1920\" srcset=\"https:\/\/www.lovelldeco.fr\/bl\/wp-content\/uploads\/2020\/05\/av-de-muret-apres-_2.jpg 2560w, https:\/\/www.lovelldeco.fr\/bl\/wp-content\/uploads\/2020\/05\/av-de-muret-apres-_2-300x225.jpg 300w, https:\/\/www.lovelldeco.fr\/bl\/wp-content\/uploads\/2020\/05\/av-de-muret-apres-_2-768x576.jpg 768w, https:\/\/www.lovelldeco.fr\/bl\/wp-content\/uploads\/2020\/05\/av-de-muret-apres-_2-1024x768.jpg 1024w\" sizes=\"auto, (max-width: 2560px) 100vw, 2560px\" \/><img loading=\"lazy\" decoding=\"async\" class=\"alignright size-full wp-image-1428\" src=\"http:\/\/www.lovelldeco.fr\/bl\/wp-content\/uploads\/2020\/05\/minimes_avant2.jpg\" alt=\"minimes_avant2\" width=\"2560\" height=\"1920\" srcset=\"https:\/\/www.lovelldeco.fr\/bl\/wp-content\/uploads\/2020\/05\/minimes_avant2.jpg 2560w, https:\/\/www.lovelldeco.fr\/bl\/wp-content\/uploads\/2020\/05\/minimes_avant2-300x225.jpg 300w, https:\/\/www.lovelldeco.fr\/bl\/wp-content\/uploads\/2020\/05\/minimes_avant2-768x576.jpg 768w, https:\/\/www.lovelldeco.fr\/bl\/wp-content\/uploads\/2020\/05\/minimes_avant2-1024x768.jpg 1024w\" sizes=\"auto, (max-width: 2560px) 100vw, 2560px\" \/><img loading=\"lazy\" decoding=\"async\" class=\"alignright size-full wp-image-1427\" src=\"http:\/\/www.lovelldeco.fr\/bl\/wp-content\/uploads\/2020\/05\/Minimes-apres.jpg\" alt=\"Minimes apres\" width=\"2560\" height=\"1920\" srcset=\"https:\/\/www.lovelldeco.fr\/bl\/wp-content\/uploads\/2020\/05\/Minimes-apres.jpg 2560w, https:\/\/www.lovelldeco.fr\/bl\/wp-content\/uploads\/2020\/05\/Minimes-apres-300x225.jpg 300w, https:\/\/www.lovelldeco.fr\/bl\/wp-content\/uploads\/2020\/05\/Minimes-apres-768x576.jpg 768w, https:\/\/www.lovelldeco.fr\/bl\/wp-content\/uploads\/2020\/05\/Minimes-apres-1024x768.jpg 1024w\" sizes=\"auto, (max-width: 2560px) 100vw, 2560px\" \/><img loading=\"lazy\" decoding=\"async\" class=\"alignright size-full wp-image-1429\" src=\"http:\/\/www.lovelldeco.fr\/bl\/wp-content\/uploads\/2020\/05\/BFavant.jpg\" alt=\"BFavant\" width=\"2560\" height=\"1920\" srcset=\"https:\/\/www.lovelldeco.fr\/bl\/wp-content\/uploads\/2020\/05\/BFavant.jpg 2560w, https:\/\/www.lovelldeco.fr\/bl\/wp-content\/uploads\/2020\/05\/BFavant-300x225.jpg 300w, https:\/\/www.lovelldeco.fr\/bl\/wp-content\/uploads\/2020\/05\/BFavant-768x576.jpg 768w, https:\/\/www.lovelldeco.fr\/bl\/wp-content\/uploads\/2020\/05\/BFavant-1024x768.jpg 1024w\" sizes=\"auto, (max-width: 2560px) 100vw, 2560px\" \/><\/p>\n<p><img loading=\"lazy\" decoding=\"async\" class=\"alignright size-full wp-image-1431\" src=\"http:\/\/www.lovelldeco.fr\/bl\/wp-content\/uploads\/2020\/05\/BFapres-1.jpg\" alt=\"BFapres\" width=\"2560\" height=\"1920\" srcset=\"https:\/\/www.lovelldeco.fr\/bl\/wp-content\/uploads\/2020\/05\/BFapres-1.jpg 2560w, https:\/\/www.lovelldeco.fr\/bl\/wp-content\/uploads\/2020\/05\/BFapres-1-300x225.jpg 300w, https:\/\/www.lovelldeco.fr\/bl\/wp-content\/uploads\/2020\/05\/BFapres-1-768x576.jpg 768w, https:\/\/www.lovelldeco.fr\/bl\/wp-content\/uploads\/2020\/05\/BFapres-1-1024x768.jpg 1024w\" sizes=\"auto, (max-width: 2560px) 100vw, 2560px\" \/><\/p>\n","protected":false},"excerpt":{"rendered":"<p>Les objectifs \u00a0: Valoriser un bien pour le rendre attractif , rentabiliser les m2, ma\u00eetriser les co\u00fbts. Ma mission concevoir l&rsquo;agencement et la d\u00e9coration-Plans 2D avant et apr\u00e8s travaux &#8211; Plan d&rsquo;agencement 3D &#8211; Images photo-r\u00e9alistes du projet. -Listes d&rsquo;achats mat\u00e9riaux et d\u00e9coration. Quelques projets<\/p>\n","protected":false},"author":1,"featured_media":0,"comment_status":"open","ping_status":"open","sticky":false,"template":"","format":"standard","meta":{"footnotes":""},"categories":[1,145],"tags":[],"class_list":["post-1421","post","type-post","status-publish","format-standard","hentry","category-non-classe","category-particuliers"],"yoast_head":"<!-- This site is optimized with the Yoast SEO plugin v25.7 - https:\/\/yoast.com\/wordpress\/plugins\/seo\/ -->\n<title>Diff\u00e9rents projets d&#039;investissements locatifs - LOVELL D\u00e9co - Architecture d&#039;int\u00e9rieur et d\u00e9coration<\/title>\n<meta name=\"robots\" content=\"index, follow, max-snippet:-1, max-image-preview:large, max-video-preview:-1\" \/>\n<link rel=\"canonical\" href=\"https:\/\/www.lovelldeco.fr\/bl\/2019\/12\/14\/projets-dinvestissements-locatifs-annee-20192020\/\" \/>\n<meta property=\"og:locale\" content=\"fr_FR\" \/>\n<meta property=\"og:type\" content=\"article\" \/>\n<meta property=\"og:title\" content=\"Diff\u00e9rents projets d&#039;investissements locatifs - LOVELL D\u00e9co - Architecture d&#039;int\u00e9rieur et d\u00e9coration\" \/>\n<meta property=\"og:description\" content=\"Les objectifs \u00a0: Valoriser un bien pour le rendre attractif , rentabiliser les m2, ma\u00eetriser les co\u00fbts. Ma mission concevoir l&rsquo;agencement et la d\u00e9coration-Plans 2D avant et apr\u00e8s travaux &#8211; Plan d&rsquo;agencement 3D &#8211; Images photo-r\u00e9alistes du projet. -Listes d&rsquo;achats mat\u00e9riaux et d\u00e9coration. Quelques projets\" \/>\n<meta property=\"og:url\" content=\"https:\/\/www.lovelldeco.fr\/bl\/2019\/12\/14\/projets-dinvestissements-locatifs-annee-20192020\/\" \/>\n<meta property=\"og:site_name\" content=\"LOVELL D\u00e9co - Architecture d&#039;int\u00e9rieur et d\u00e9coration\" \/>\n<meta property=\"article:published_time\" content=\"2019-12-14T13:30:05+00:00\" \/>\n<meta property=\"article:modified_time\" content=\"2020-05-21T17:39:56+00:00\" \/>\n<meta property=\"og:image\" content=\"https:\/\/www.lovelldeco.fr\/bl\/wp-content\/uploads\/2020\/05\/IMG_20200213_114036-1024x768.jpg\" \/>\n\t<meta property=\"og:image:width\" content=\"1024\" \/>\n\t<meta property=\"og:image:height\" content=\"768\" \/>\n\t<meta property=\"og:image:type\" content=\"image\/jpeg\" \/>\n<meta name=\"author\" content=\"lovell patricia\" \/>\n<meta name=\"twitter:card\" content=\"summary_large_image\" \/>\n<meta name=\"twitter:label1\" content=\"\u00c9crit par\" \/>\n\t<meta name=\"twitter:data1\" content=\"lovell patricia\" \/>\n<script type=\"application\/ld+json\" class=\"yoast-schema-graph\">{\"@context\":\"https:\/\/schema.org\",\"@graph\":[{\"@type\":\"WebPage\",\"@id\":\"https:\/\/www.lovelldeco.fr\/bl\/2019\/12\/14\/projets-dinvestissements-locatifs-annee-20192020\/\",\"url\":\"https:\/\/www.lovelldeco.fr\/bl\/2019\/12\/14\/projets-dinvestissements-locatifs-annee-20192020\/\",\"name\":\"Diff\u00e9rents projets d'investissements locatifs - LOVELL D\u00e9co - Architecture d&#039;int\u00e9rieur et d\u00e9coration\",\"isPartOf\":{\"@id\":\"https:\/\/www.lovelldeco.fr\/bl\/#website\"},\"primaryImageOfPage\":{\"@id\":\"https:\/\/www.lovelldeco.fr\/bl\/2019\/12\/14\/projets-dinvestissements-locatifs-annee-20192020\/#primaryimage\"},\"image\":{\"@id\":\"https:\/\/www.lovelldeco.fr\/bl\/2019\/12\/14\/projets-dinvestissements-locatifs-annee-20192020\/#primaryimage\"},\"thumbnailUrl\":\"http:\/\/www.lovelldeco.fr\/bl\/wp-content\/uploads\/2020\/05\/IMG_20200213_114036.jpg\",\"datePublished\":\"2019-12-14T13:30:05+00:00\",\"dateModified\":\"2020-05-21T17:39:56+00:00\",\"author\":{\"@id\":\"https:\/\/www.lovelldeco.fr\/bl\/#\/schema\/person\/39062999c940ea77282199682ae213f9\"},\"breadcrumb\":{\"@id\":\"https:\/\/www.lovelldeco.fr\/bl\/2019\/12\/14\/projets-dinvestissements-locatifs-annee-20192020\/#breadcrumb\"},\"inLanguage\":\"fr-FR\",\"potentialAction\":[{\"@type\":\"ReadAction\",\"target\":[\"https:\/\/www.lovelldeco.fr\/bl\/2019\/12\/14\/projets-dinvestissements-locatifs-annee-20192020\/\"]}]},{\"@type\":\"ImageObject\",\"inLanguage\":\"fr-FR\",\"@id\":\"https:\/\/www.lovelldeco.fr\/bl\/2019\/12\/14\/projets-dinvestissements-locatifs-annee-20192020\/#primaryimage\",\"url\":\"https:\/\/www.lovelldeco.fr\/bl\/wp-content\/uploads\/2020\/05\/IMG_20200213_114036.jpg\",\"contentUrl\":\"https:\/\/www.lovelldeco.fr\/bl\/wp-content\/uploads\/2020\/05\/IMG_20200213_114036.jpg\",\"width\":3968,\"height\":2976},{\"@type\":\"BreadcrumbList\",\"@id\":\"https:\/\/www.lovelldeco.fr\/bl\/2019\/12\/14\/projets-dinvestissements-locatifs-annee-20192020\/#breadcrumb\",\"itemListElement\":[{\"@type\":\"ListItem\",\"position\":1,\"name\":\"Accueil\",\"item\":\"https:\/\/www.lovelldeco.fr\/bl\/\"},{\"@type\":\"ListItem\",\"position\":2,\"name\":\"Diff\u00e9rents projets d&rsquo;investissements locatifs\"}]},{\"@type\":\"WebSite\",\"@id\":\"https:\/\/www.lovelldeco.fr\/bl\/#website\",\"url\":\"https:\/\/www.lovelldeco.fr\/bl\/\",\"name\":\"LOVELL D\u00e9co - Architecture d&#039;int\u00e9rieur et d\u00e9coration\",\"description\":\"R\u00e9inventons votre int\u00e9rieur\",\"potentialAction\":[{\"@type\":\"SearchAction\",\"target\":{\"@type\":\"EntryPoint\",\"urlTemplate\":\"https:\/\/www.lovelldeco.fr\/bl\/?s={search_term_string}\"},\"query-input\":{\"@type\":\"PropertyValueSpecification\",\"valueRequired\":true,\"valueName\":\"search_term_string\"}}],\"inLanguage\":\"fr-FR\"},{\"@type\":\"Person\",\"@id\":\"https:\/\/www.lovelldeco.fr\/bl\/#\/schema\/person\/39062999c940ea77282199682ae213f9\",\"name\":\"lovell patricia\",\"image\":{\"@type\":\"ImageObject\",\"inLanguage\":\"fr-FR\",\"@id\":\"https:\/\/www.lovelldeco.fr\/bl\/#\/schema\/person\/image\/\",\"url\":\"https:\/\/secure.gravatar.com\/avatar\/8e4d260d910b5ea661282a3e535989037309b9eae7dddd11417f2c72f96a2364?s=96&d=mm&r=g\",\"contentUrl\":\"https:\/\/secure.gravatar.com\/avatar\/8e4d260d910b5ea661282a3e535989037309b9eae7dddd11417f2c72f96a2364?s=96&d=mm&r=g\",\"caption\":\"lovell patricia\"},\"description\":\"Patricia Lovell vous pr\u00e9sente ses prestations de d\u00e9coration et de home staging par le biais du site www.lovelldeco.fr. lovell patricia\",\"sameAs\":[\"http:\/\/www.lovelldeco.fr\/\"],\"url\":\"https:\/\/www.lovelldeco.fr\/bl\/author\/patyvell\/\"}]}<\/script>\n<!-- \/ Yoast SEO plugin. -->","yoast_head_json":{"title":"Diff\u00e9rents projets d'investissements locatifs - LOVELL D\u00e9co - Architecture d&#039;int\u00e9rieur et d\u00e9coration","robots":{"index":"index","follow":"follow","max-snippet":"max-snippet:-1","max-image-preview":"max-image-preview:large","max-video-preview":"max-video-preview:-1"},"canonical":"https:\/\/www.lovelldeco.fr\/bl\/2019\/12\/14\/projets-dinvestissements-locatifs-annee-20192020\/","og_locale":"fr_FR","og_type":"article","og_title":"Diff\u00e9rents projets d'investissements locatifs - LOVELL D\u00e9co - Architecture d&#039;int\u00e9rieur et d\u00e9coration","og_description":"Les objectifs \u00a0: Valoriser un bien pour le rendre attractif , rentabiliser les m2, ma\u00eetriser les co\u00fbts. Ma mission concevoir l&rsquo;agencement et la d\u00e9coration-Plans 2D avant et apr\u00e8s travaux &#8211; Plan d&rsquo;agencement 3D &#8211; Images photo-r\u00e9alistes du projet. -Listes d&rsquo;achats mat\u00e9riaux et d\u00e9coration. Quelques projets","og_url":"https:\/\/www.lovelldeco.fr\/bl\/2019\/12\/14\/projets-dinvestissements-locatifs-annee-20192020\/","og_site_name":"LOVELL D\u00e9co - Architecture d&#039;int\u00e9rieur et d\u00e9coration","article_published_time":"2019-12-14T13:30:05+00:00","article_modified_time":"2020-05-21T17:39:56+00:00","og_image":[{"width":1024,"height":768,"url":"https:\/\/www.lovelldeco.fr\/bl\/wp-content\/uploads\/2020\/05\/IMG_20200213_114036-1024x768.jpg","type":"image\/jpeg"}],"author":"lovell patricia","twitter_card":"summary_large_image","twitter_misc":{"\u00c9crit par":"lovell patricia"},"schema":{"@context":"https:\/\/schema.org","@graph":[{"@type":"WebPage","@id":"https:\/\/www.lovelldeco.fr\/bl\/2019\/12\/14\/projets-dinvestissements-locatifs-annee-20192020\/","url":"https:\/\/www.lovelldeco.fr\/bl\/2019\/12\/14\/projets-dinvestissements-locatifs-annee-20192020\/","name":"Diff\u00e9rents projets d'investissements locatifs - LOVELL D\u00e9co - Architecture d&#039;int\u00e9rieur et d\u00e9coration","isPartOf":{"@id":"https:\/\/www.lovelldeco.fr\/bl\/#website"},"primaryImageOfPage":{"@id":"https:\/\/www.lovelldeco.fr\/bl\/2019\/12\/14\/projets-dinvestissements-locatifs-annee-20192020\/#primaryimage"},"image":{"@id":"https:\/\/www.lovelldeco.fr\/bl\/2019\/12\/14\/projets-dinvestissements-locatifs-annee-20192020\/#primaryimage"},"thumbnailUrl":"http:\/\/www.lovelldeco.fr\/bl\/wp-content\/uploads\/2020\/05\/IMG_20200213_114036.jpg","datePublished":"2019-12-14T13:30:05+00:00","dateModified":"2020-05-21T17:39:56+00:00","author":{"@id":"https:\/\/www.lovelldeco.fr\/bl\/#\/schema\/person\/39062999c940ea77282199682ae213f9"},"breadcrumb":{"@id":"https:\/\/www.lovelldeco.fr\/bl\/2019\/12\/14\/projets-dinvestissements-locatifs-annee-20192020\/#breadcrumb"},"inLanguage":"fr-FR","potentialAction":[{"@type":"ReadAction","target":["https:\/\/www.lovelldeco.fr\/bl\/2019\/12\/14\/projets-dinvestissements-locatifs-annee-20192020\/"]}]},{"@type":"ImageObject","inLanguage":"fr-FR","@id":"https:\/\/www.lovelldeco.fr\/bl\/2019\/12\/14\/projets-dinvestissements-locatifs-annee-20192020\/#primaryimage","url":"https:\/\/www.lovelldeco.fr\/bl\/wp-content\/uploads\/2020\/05\/IMG_20200213_114036.jpg","contentUrl":"https:\/\/www.lovelldeco.fr\/bl\/wp-content\/uploads\/2020\/05\/IMG_20200213_114036.jpg","width":3968,"height":2976},{"@type":"BreadcrumbList","@id":"https:\/\/www.lovelldeco.fr\/bl\/2019\/12\/14\/projets-dinvestissements-locatifs-annee-20192020\/#breadcrumb","itemListElement":[{"@type":"ListItem","position":1,"name":"Accueil","item":"https:\/\/www.lovelldeco.fr\/bl\/"},{"@type":"ListItem","position":2,"name":"Diff\u00e9rents projets d&rsquo;investissements locatifs"}]},{"@type":"WebSite","@id":"https:\/\/www.lovelldeco.fr\/bl\/#website","url":"https:\/\/www.lovelldeco.fr\/bl\/","name":"LOVELL D\u00e9co - Architecture d&#039;int\u00e9rieur et d\u00e9coration","description":"R\u00e9inventons votre int\u00e9rieur","potentialAction":[{"@type":"SearchAction","target":{"@type":"EntryPoint","urlTemplate":"https:\/\/www.lovelldeco.fr\/bl\/?s={search_term_string}"},"query-input":{"@type":"PropertyValueSpecification","valueRequired":true,"valueName":"search_term_string"}}],"inLanguage":"fr-FR"},{"@type":"Person","@id":"https:\/\/www.lovelldeco.fr\/bl\/#\/schema\/person\/39062999c940ea77282199682ae213f9","name":"lovell patricia","image":{"@type":"ImageObject","inLanguage":"fr-FR","@id":"https:\/\/www.lovelldeco.fr\/bl\/#\/schema\/person\/image\/","url":"https:\/\/secure.gravatar.com\/avatar\/8e4d260d910b5ea661282a3e535989037309b9eae7dddd11417f2c72f96a2364?s=96&d=mm&r=g","contentUrl":"https:\/\/secure.gravatar.com\/avatar\/8e4d260d910b5ea661282a3e535989037309b9eae7dddd11417f2c72f96a2364?s=96&d=mm&r=g","caption":"lovell patricia"},"description":"Patricia Lovell vous pr\u00e9sente ses prestations de d\u00e9coration et de home staging par le biais du site www.lovelldeco.fr. lovell patricia","sameAs":["http:\/\/www.lovelldeco.fr\/"],"url":"https:\/\/www.lovelldeco.fr\/bl\/author\/patyvell\/"}]}},"_links":{"self":[{"href":"https:\/\/www.lovelldeco.fr\/bl\/wp-json\/wp\/v2\/posts\/1421","targetHints":{"allow":["GET"]}}],"collection":[{"href":"https:\/\/www.lovelldeco.fr\/bl\/wp-json\/wp\/v2\/posts"}],"about":[{"href":"https:\/\/www.lovelldeco.fr\/bl\/wp-json\/wp\/v2\/types\/post"}],"author":[{"embeddable":true,"href":"https:\/\/www.lovelldeco.fr\/bl\/wp-json\/wp\/v2\/users\/1"}],"replies":[{"embeddable":true,"href":"https:\/\/www.lovelldeco.fr\/bl\/wp-json\/wp\/v2\/comments?post=1421"}],"version-history":[{"count":4,"href":"https:\/\/www.lovelldeco.fr\/bl\/wp-json\/wp\/v2\/posts\/1421\/revisions"}],"predecessor-version":[{"id":1438,"href":"https:\/\/www.lovelldeco.fr\/bl\/wp-json\/wp\/v2\/posts\/1421\/revisions\/1438"}],"wp:attachment":[{"href":"https:\/\/www.lovelldeco.fr\/bl\/wp-json\/wp\/v2\/media?parent=1421"}],"wp:term":[{"taxonomy":"category","embeddable":true,"href":"https:\/\/www.lovelldeco.fr\/bl\/wp-json\/wp\/v2\/categories?post=1421"},{"taxonomy":"post_tag","embeddable":true,"href":"https:\/\/www.lovelldeco.fr\/bl\/wp-json\/wp\/v2\/tags?post=1421"}],"curies":[{"name":"wp","href":"https:\/\/api.w.org\/{rel}","templated":true}]}}