{"id":1313,"date":"2020-04-10T11:03:00","date_gmt":"2020-04-10T10:03:00","guid":{"rendered":"http:\/\/www.lovelldeco.fr\/bl\/?p=1313"},"modified":"2020-06-05T17:47:59","modified_gmt":"2020-06-05T16:47:59","slug":"renovation-projet-locatif-seduire-en-depensant-le-moins-possible","status":"publish","type":"post","link":"https:\/\/www.lovelldeco.fr\/bl\/2020\/04\/10\/renovation-projet-locatif-seduire-en-depensant-le-moins-possible\/","title":{"rendered":"R\u00e9novation  : projet locatif (s\u00e9duire en d\u00e9pensant le moins possible)"},"content":{"rendered":"<p>Comment rentabiliser tr\u00e8s vite votre location ? Quelles sont les priorit\u00e9s ? Comment s\u00e9duire les futurs clients ? Comment valoriser un bien ?<\/p>\n<p><strong>Le bien a \u00e9t\u00e9 lou\u00e9 d\u00e8s l&rsquo;ach\u00e8vement des travaux.<\/strong><\/p>\n<p>Pour ce projet \u00e0 Castelnaudary :<\/p>\n<p><strong>1 \u00e8re \u00e9tape <\/strong><\/p>\n<p>Conception architecturale :<\/p>\n<p>&#8211; En plan 2D avant et apr\u00e8s travaux \u00a0.<\/p>\n<p>-En images 3D pour validation du choix des mat\u00e9riaux et de la d\u00e9coration.<\/p>\n<p><strong>2\u00e8me \u00e9tape\u00a0<\/strong><\/p>\n<p>-Suivi de chantier<\/p>\n<p>-Liste d&rsquo;achats \u00e0 moindre co\u00fbt (mobiliers, accessoires de d\u00e9coration, luminaires, \u00e9lectro-m\u00e9nager, vaisselle&#8230;..).<\/p>\n<p>-Achats, gestion des livraisons<\/p>\n<p><strong>3\u00e8me \u00e9tape\u00a0<\/strong><\/p>\n<p>-Mise en place et r\u00e9ception de chantier<\/p>\n<div id=\"attachment_1392\" style=\"width: 3978px\" class=\"wp-caption alignleft\"><img loading=\"lazy\" decoding=\"async\" aria-describedby=\"caption-attachment-1392\" class=\"wp-image-1392 size-full\" src=\"http:\/\/www.lovelldeco.fr\/bl\/wp-content\/uploads\/2019\/08\/IMG_20190514_152103.jpg\" alt=\"IMG_20190514_152103\" width=\"3968\" height=\"2976\" srcset=\"https:\/\/www.lovelldeco.fr\/bl\/wp-content\/uploads\/2019\/08\/IMG_20190514_152103.jpg 3968w, https:\/\/www.lovelldeco.fr\/bl\/wp-content\/uploads\/2019\/08\/IMG_20190514_152103-300x225.jpg 300w, https:\/\/www.lovelldeco.fr\/bl\/wp-content\/uploads\/2019\/08\/IMG_20190514_152103-768x576.jpg 768w, https:\/\/www.lovelldeco.fr\/bl\/wp-content\/uploads\/2019\/08\/IMG_20190514_152103-1024x768.jpg 1024w\" sizes=\"auto, (max-width: 3968px) 100vw, 3968px\" \/><p id=\"caption-attachment-1392\" class=\"wp-caption-text\">cuisine avant<\/p><\/div>\n<div id=\"attachment_1394\" style=\"width: 3978px\" class=\"wp-caption alignright\"><img loading=\"lazy\" decoding=\"async\" aria-describedby=\"caption-attachment-1394\" class=\"wp-image-1394 size-full\" src=\"http:\/\/www.lovelldeco.fr\/bl\/wp-content\/uploads\/2019\/08\/IMG_20190822_192015.jpg\" alt=\"IMG_20190822_192015\" width=\"3968\" height=\"2976\" srcset=\"https:\/\/www.lovelldeco.fr\/bl\/wp-content\/uploads\/2019\/08\/IMG_20190822_192015.jpg 3968w, https:\/\/www.lovelldeco.fr\/bl\/wp-content\/uploads\/2019\/08\/IMG_20190822_192015-300x225.jpg 300w, https:\/\/www.lovelldeco.fr\/bl\/wp-content\/uploads\/2019\/08\/IMG_20190822_192015-768x576.jpg 768w, https:\/\/www.lovelldeco.fr\/bl\/wp-content\/uploads\/2019\/08\/IMG_20190822_192015-1024x768.jpg 1024w\" sizes=\"auto, (max-width: 3968px) 100vw, 3968px\" \/><p id=\"caption-attachment-1394\" class=\"wp-caption-text\">cuisine apr\u00e8s<\/p><\/div>\n<div id=\"attachment_1390\" style=\"width: 3978px\" class=\"wp-caption alignleft\"><img loading=\"lazy\" decoding=\"async\" aria-describedby=\"caption-attachment-1390\" class=\"wp-image-1390 size-full\" src=\"http:\/\/www.lovelldeco.fr\/bl\/wp-content\/uploads\/2019\/08\/IMG_20190514_153941.jpg\" alt=\"IMG_20190514_153941\" width=\"3968\" height=\"2976\" srcset=\"https:\/\/www.lovelldeco.fr\/bl\/wp-content\/uploads\/2019\/08\/IMG_20190514_153941.jpg 3968w, https:\/\/www.lovelldeco.fr\/bl\/wp-content\/uploads\/2019\/08\/IMG_20190514_153941-300x225.jpg 300w, https:\/\/www.lovelldeco.fr\/bl\/wp-content\/uploads\/2019\/08\/IMG_20190514_153941-768x576.jpg 768w, https:\/\/www.lovelldeco.fr\/bl\/wp-content\/uploads\/2019\/08\/IMG_20190514_153941-1024x768.jpg 1024w\" sizes=\"auto, (max-width: 3968px) 100vw, 3968px\" \/><p id=\"caption-attachment-1390\" class=\"wp-caption-text\">pi\u00e8ce \u00e0 vivre avant<\/p><\/div>\n<div id=\"attachment_1391\" style=\"width: 944px\" class=\"wp-caption aligncenter\"><img loading=\"lazy\" decoding=\"async\" aria-describedby=\"caption-attachment-1391\" class=\"wp-image-1391 size-full\" src=\"http:\/\/www.lovelldeco.fr\/bl\/wp-content\/uploads\/2019\/08\/Screenshot-2019-07-05_09-56-27-117.png\" alt=\"Screenshot 2019-07-05_09-56-27-117\" width=\"934\" height=\"787\" srcset=\"https:\/\/www.lovelldeco.fr\/bl\/wp-content\/uploads\/2019\/08\/Screenshot-2019-07-05_09-56-27-117.png 934w, https:\/\/www.lovelldeco.fr\/bl\/wp-content\/uploads\/2019\/08\/Screenshot-2019-07-05_09-56-27-117-300x253.png 300w, https:\/\/www.lovelldeco.fr\/bl\/wp-content\/uploads\/2019\/08\/Screenshot-2019-07-05_09-56-27-117-768x647.png 768w\" sizes=\"auto, (max-width: 934px) 100vw, 934px\" \/><p id=\"caption-attachment-1391\" class=\"wp-caption-text\">projet 3D<\/p><\/div>\n<div id=\"attachment_1388\" style=\"width: 3978px\" class=\"wp-caption alignright\"><img loading=\"lazy\" decoding=\"async\" aria-describedby=\"caption-attachment-1388\" class=\"size-full wp-image-1388\" src=\"http:\/\/www.lovelldeco.fr\/bl\/wp-content\/uploads\/2019\/08\/IMG_20190822_184943.jpg\" alt=\"cof\" width=\"3968\" height=\"2976\" srcset=\"https:\/\/www.lovelldeco.fr\/bl\/wp-content\/uploads\/2019\/08\/IMG_20190822_184943.jpg 3968w, https:\/\/www.lovelldeco.fr\/bl\/wp-content\/uploads\/2019\/08\/IMG_20190822_184943-300x225.jpg 300w, https:\/\/www.lovelldeco.fr\/bl\/wp-content\/uploads\/2019\/08\/IMG_20190822_184943-768x576.jpg 768w, https:\/\/www.lovelldeco.fr\/bl\/wp-content\/uploads\/2019\/08\/IMG_20190822_184943-1024x768.jpg 1024w\" sizes=\"auto, (max-width: 3968px) 100vw, 3968px\" \/><p id=\"caption-attachment-1388\" class=\"wp-caption-text\">R\u00e9alisation apr\u00e8s<\/p><\/div>\n<div id=\"attachment_1389\" style=\"width: 3978px\" class=\"wp-caption alignright\"><img loading=\"lazy\" decoding=\"async\" aria-describedby=\"caption-attachment-1389\" class=\"wp-image-1389 size-full\" src=\"http:\/\/www.lovelldeco.fr\/bl\/wp-content\/uploads\/2019\/08\/IMG_20190816_150745.jpg\" alt=\"IMG_20190816_150745\" width=\"3968\" height=\"2976\" srcset=\"https:\/\/www.lovelldeco.fr\/bl\/wp-content\/uploads\/2019\/08\/IMG_20190816_150745.jpg 3968w, https:\/\/www.lovelldeco.fr\/bl\/wp-content\/uploads\/2019\/08\/IMG_20190816_150745-300x225.jpg 300w, https:\/\/www.lovelldeco.fr\/bl\/wp-content\/uploads\/2019\/08\/IMG_20190816_150745-768x576.jpg 768w, https:\/\/www.lovelldeco.fr\/bl\/wp-content\/uploads\/2019\/08\/IMG_20190816_150745-1024x768.jpg 1024w\" sizes=\"auto, (max-width: 3968px) 100vw, 3968px\" \/><p id=\"caption-attachment-1389\" class=\"wp-caption-text\">R\u00e9alisation apr\u00e8s<\/p><\/div>\n<p>&nbsp;<\/p>\n<p>&nbsp;<\/p>\n<p>&nbsp;<\/p>\n","protected":false},"excerpt":{"rendered":"<p>Comment rentabiliser tr\u00e8s vite votre location ? Quelles sont les priorit\u00e9s ? Comment s\u00e9duire les futurs clients ? Comment valoriser un bien ? Le bien a \u00e9t\u00e9 lou\u00e9 d\u00e8s l&rsquo;ach\u00e8vement des travaux. Pour ce projet \u00e0 Castelnaudary : 1 \u00e8re \u00e9tape Conception architecturale : &#8211; En plan 2D avant et apr\u00e8s travaux \u00a0. -En images [&hellip;]<\/p>\n","protected":false},"author":1,"featured_media":1389,"comment_status":"open","ping_status":"open","sticky":false,"template":"","format":"standard","meta":{"footnotes":""},"categories":[121,135,126,122,95,99,96,136,32,90,100,118,149,137,125,109,101,98,145,115,124,138,139,140,130,94,113,114,119],"tags":[],"class_list":["post-1313","post","type-post","status-publish","format-standard","has-post-thumbnail","hentry","category-3d-photo-realistes","category-agencement","category-agencement-cuisine","category-amenagement-a-partir-dun-plan","category-amenagement-interieur","category-architecture-dinterieur","category-carreaux-de-ciment","category-conception-architecturale","category-decoration-2","category-decoration-interieur","category-home-staging","category-home-staging-renovation-amenagement-interieur","category-investissement-locatif","category-liste-dachats","category-location","category-lovelldeco","category-mise-en-valeur","category-optimisation-de-lespace","category-particuliers","category-photos-avant-apres","category-plan-2d","category-plan-apres-travaux","category-plan-dagencement","category-plan-electrique","category-plans","category-region-toulousaine","category-renovation","category-renovation-amenagement-interieur","category-renovation-home-staging-renovation-amenagement-interieur"],"yoast_head":"<!-- This site is optimized with the Yoast SEO plugin v25.7 - https:\/\/yoast.com\/wordpress\/plugins\/seo\/ -->\n<title>R\u00e9novation : projet locatif (s\u00e9duire en d\u00e9pensant le moins possible) - LOVELL D\u00e9co - Architecture d&#039;int\u00e9rieur et d\u00e9coration<\/title>\n<meta name=\"robots\" content=\"index, follow, max-snippet:-1, max-image-preview:large, max-video-preview:-1\" \/>\n<link rel=\"canonical\" href=\"https:\/\/www.lovelldeco.fr\/bl\/2020\/04\/10\/renovation-projet-locatif-seduire-en-depensant-le-moins-possible\/\" \/>\n<meta property=\"og:locale\" content=\"fr_FR\" \/>\n<meta property=\"og:type\" content=\"article\" \/>\n<meta property=\"og:title\" content=\"R\u00e9novation : projet locatif (s\u00e9duire en d\u00e9pensant le moins possible) - LOVELL D\u00e9co - Architecture d&#039;int\u00e9rieur et d\u00e9coration\" \/>\n<meta property=\"og:description\" content=\"Comment rentabiliser tr\u00e8s vite votre location ? Quelles sont les priorit\u00e9s ? Comment s\u00e9duire les futurs clients ? Comment valoriser un bien ? Le bien a \u00e9t\u00e9 lou\u00e9 d\u00e8s l&rsquo;ach\u00e8vement des travaux. Pour ce projet \u00e0 Castelnaudary : 1 \u00e8re \u00e9tape Conception architecturale : &#8211; En plan 2D avant et apr\u00e8s travaux \u00a0. -En images [&hellip;]\" \/>\n<meta property=\"og:url\" content=\"https:\/\/www.lovelldeco.fr\/bl\/2020\/04\/10\/renovation-projet-locatif-seduire-en-depensant-le-moins-possible\/\" \/>\n<meta property=\"og:site_name\" content=\"LOVELL D\u00e9co - Architecture d&#039;int\u00e9rieur et d\u00e9coration\" \/>\n<meta property=\"article:published_time\" content=\"2020-04-10T10:03:00+00:00\" \/>\n<meta property=\"article:modified_time\" content=\"2020-06-05T16:47:59+00:00\" \/>\n<meta property=\"og:image\" content=\"https:\/\/www.lovelldeco.fr\/bl\/wp-content\/uploads\/2019\/08\/IMG_20190816_150745-1024x768.jpg\" \/>\n\t<meta property=\"og:image:width\" content=\"1024\" \/>\n\t<meta property=\"og:image:height\" content=\"768\" \/>\n\t<meta property=\"og:image:type\" content=\"image\/jpeg\" \/>\n<meta name=\"author\" content=\"lovell patricia\" \/>\n<meta name=\"twitter:card\" content=\"summary_large_image\" \/>\n<meta name=\"twitter:label1\" content=\"\u00c9crit par\" \/>\n\t<meta name=\"twitter:data1\" content=\"lovell patricia\" \/>\n\t<meta name=\"twitter:label2\" content=\"Dur\u00e9e de lecture estim\u00e9e\" \/>\n\t<meta name=\"twitter:data2\" content=\"1 minute\" \/>\n<script type=\"application\/ld+json\" class=\"yoast-schema-graph\">{\"@context\":\"https:\/\/schema.org\",\"@graph\":[{\"@type\":\"WebPage\",\"@id\":\"https:\/\/www.lovelldeco.fr\/bl\/2020\/04\/10\/renovation-projet-locatif-seduire-en-depensant-le-moins-possible\/\",\"url\":\"https:\/\/www.lovelldeco.fr\/bl\/2020\/04\/10\/renovation-projet-locatif-seduire-en-depensant-le-moins-possible\/\",\"name\":\"R\u00e9novation : projet locatif (s\u00e9duire en d\u00e9pensant le moins possible) - LOVELL D\u00e9co - Architecture d&#039;int\u00e9rieur et d\u00e9coration\",\"isPartOf\":{\"@id\":\"https:\/\/www.lovelldeco.fr\/bl\/#website\"},\"primaryImageOfPage\":{\"@id\":\"https:\/\/www.lovelldeco.fr\/bl\/2020\/04\/10\/renovation-projet-locatif-seduire-en-depensant-le-moins-possible\/#primaryimage\"},\"image\":{\"@id\":\"https:\/\/www.lovelldeco.fr\/bl\/2020\/04\/10\/renovation-projet-locatif-seduire-en-depensant-le-moins-possible\/#primaryimage\"},\"thumbnailUrl\":\"https:\/\/www.lovelldeco.fr\/bl\/wp-content\/uploads\/2019\/08\/IMG_20190816_150745.jpg\",\"datePublished\":\"2020-04-10T10:03:00+00:00\",\"dateModified\":\"2020-06-05T16:47:59+00:00\",\"author\":{\"@id\":\"https:\/\/www.lovelldeco.fr\/bl\/#\/schema\/person\/39062999c940ea77282199682ae213f9\"},\"breadcrumb\":{\"@id\":\"https:\/\/www.lovelldeco.fr\/bl\/2020\/04\/10\/renovation-projet-locatif-seduire-en-depensant-le-moins-possible\/#breadcrumb\"},\"inLanguage\":\"fr-FR\",\"potentialAction\":[{\"@type\":\"ReadAction\",\"target\":[\"https:\/\/www.lovelldeco.fr\/bl\/2020\/04\/10\/renovation-projet-locatif-seduire-en-depensant-le-moins-possible\/\"]}]},{\"@type\":\"ImageObject\",\"inLanguage\":\"fr-FR\",\"@id\":\"https:\/\/www.lovelldeco.fr\/bl\/2020\/04\/10\/renovation-projet-locatif-seduire-en-depensant-le-moins-possible\/#primaryimage\",\"url\":\"https:\/\/www.lovelldeco.fr\/bl\/wp-content\/uploads\/2019\/08\/IMG_20190816_150745.jpg\",\"contentUrl\":\"https:\/\/www.lovelldeco.fr\/bl\/wp-content\/uploads\/2019\/08\/IMG_20190816_150745.jpg\",\"width\":3968,\"height\":2976},{\"@type\":\"BreadcrumbList\",\"@id\":\"https:\/\/www.lovelldeco.fr\/bl\/2020\/04\/10\/renovation-projet-locatif-seduire-en-depensant-le-moins-possible\/#breadcrumb\",\"itemListElement\":[{\"@type\":\"ListItem\",\"position\":1,\"name\":\"Accueil\",\"item\":\"https:\/\/www.lovelldeco.fr\/bl\/\"},{\"@type\":\"ListItem\",\"position\":2,\"name\":\"R\u00e9novation : projet locatif (s\u00e9duire en d\u00e9pensant le moins possible)\"}]},{\"@type\":\"WebSite\",\"@id\":\"https:\/\/www.lovelldeco.fr\/bl\/#website\",\"url\":\"https:\/\/www.lovelldeco.fr\/bl\/\",\"name\":\"LOVELL D\u00e9co - Architecture d&#039;int\u00e9rieur et d\u00e9coration\",\"description\":\"R\u00e9inventons votre int\u00e9rieur\",\"potentialAction\":[{\"@type\":\"SearchAction\",\"target\":{\"@type\":\"EntryPoint\",\"urlTemplate\":\"https:\/\/www.lovelldeco.fr\/bl\/?s={search_term_string}\"},\"query-input\":{\"@type\":\"PropertyValueSpecification\",\"valueRequired\":true,\"valueName\":\"search_term_string\"}}],\"inLanguage\":\"fr-FR\"},{\"@type\":\"Person\",\"@id\":\"https:\/\/www.lovelldeco.fr\/bl\/#\/schema\/person\/39062999c940ea77282199682ae213f9\",\"name\":\"lovell patricia\",\"image\":{\"@type\":\"ImageObject\",\"inLanguage\":\"fr-FR\",\"@id\":\"https:\/\/www.lovelldeco.fr\/bl\/#\/schema\/person\/image\/\",\"url\":\"https:\/\/secure.gravatar.com\/avatar\/8e4d260d910b5ea661282a3e535989037309b9eae7dddd11417f2c72f96a2364?s=96&d=mm&r=g\",\"contentUrl\":\"https:\/\/secure.gravatar.com\/avatar\/8e4d260d910b5ea661282a3e535989037309b9eae7dddd11417f2c72f96a2364?s=96&d=mm&r=g\",\"caption\":\"lovell patricia\"},\"description\":\"Patricia Lovell vous pr\u00e9sente ses prestations de d\u00e9coration et de home staging par le biais du site www.lovelldeco.fr. lovell patricia\",\"sameAs\":[\"http:\/\/www.lovelldeco.fr\/\"],\"url\":\"https:\/\/www.lovelldeco.fr\/bl\/author\/patyvell\/\"}]}<\/script>\n<!-- \/ Yoast SEO plugin. -->","yoast_head_json":{"title":"R\u00e9novation : projet locatif (s\u00e9duire en d\u00e9pensant le moins possible) - LOVELL D\u00e9co - Architecture d&#039;int\u00e9rieur et d\u00e9coration","robots":{"index":"index","follow":"follow","max-snippet":"max-snippet:-1","max-image-preview":"max-image-preview:large","max-video-preview":"max-video-preview:-1"},"canonical":"https:\/\/www.lovelldeco.fr\/bl\/2020\/04\/10\/renovation-projet-locatif-seduire-en-depensant-le-moins-possible\/","og_locale":"fr_FR","og_type":"article","og_title":"R\u00e9novation : projet locatif (s\u00e9duire en d\u00e9pensant le moins possible) - LOVELL D\u00e9co - Architecture d&#039;int\u00e9rieur et d\u00e9coration","og_description":"Comment rentabiliser tr\u00e8s vite votre location ? Quelles sont les priorit\u00e9s ? Comment s\u00e9duire les futurs clients ? Comment valoriser un bien ? Le bien a \u00e9t\u00e9 lou\u00e9 d\u00e8s l&rsquo;ach\u00e8vement des travaux. Pour ce projet \u00e0 Castelnaudary : 1 \u00e8re \u00e9tape Conception architecturale : &#8211; En plan 2D avant et apr\u00e8s travaux \u00a0. -En images [&hellip;]","og_url":"https:\/\/www.lovelldeco.fr\/bl\/2020\/04\/10\/renovation-projet-locatif-seduire-en-depensant-le-moins-possible\/","og_site_name":"LOVELL D\u00e9co - Architecture d&#039;int\u00e9rieur et d\u00e9coration","article_published_time":"2020-04-10T10:03:00+00:00","article_modified_time":"2020-06-05T16:47:59+00:00","og_image":[{"width":1024,"height":768,"url":"https:\/\/www.lovelldeco.fr\/bl\/wp-content\/uploads\/2019\/08\/IMG_20190816_150745-1024x768.jpg","type":"image\/jpeg"}],"author":"lovell patricia","twitter_card":"summary_large_image","twitter_misc":{"\u00c9crit par":"lovell patricia","Dur\u00e9e de lecture estim\u00e9e":"1 minute"},"schema":{"@context":"https:\/\/schema.org","@graph":[{"@type":"WebPage","@id":"https:\/\/www.lovelldeco.fr\/bl\/2020\/04\/10\/renovation-projet-locatif-seduire-en-depensant-le-moins-possible\/","url":"https:\/\/www.lovelldeco.fr\/bl\/2020\/04\/10\/renovation-projet-locatif-seduire-en-depensant-le-moins-possible\/","name":"R\u00e9novation : projet locatif (s\u00e9duire en d\u00e9pensant le moins possible) - LOVELL D\u00e9co - Architecture d&#039;int\u00e9rieur et d\u00e9coration","isPartOf":{"@id":"https:\/\/www.lovelldeco.fr\/bl\/#website"},"primaryImageOfPage":{"@id":"https:\/\/www.lovelldeco.fr\/bl\/2020\/04\/10\/renovation-projet-locatif-seduire-en-depensant-le-moins-possible\/#primaryimage"},"image":{"@id":"https:\/\/www.lovelldeco.fr\/bl\/2020\/04\/10\/renovation-projet-locatif-seduire-en-depensant-le-moins-possible\/#primaryimage"},"thumbnailUrl":"https:\/\/www.lovelldeco.fr\/bl\/wp-content\/uploads\/2019\/08\/IMG_20190816_150745.jpg","datePublished":"2020-04-10T10:03:00+00:00","dateModified":"2020-06-05T16:47:59+00:00","author":{"@id":"https:\/\/www.lovelldeco.fr\/bl\/#\/schema\/person\/39062999c940ea77282199682ae213f9"},"breadcrumb":{"@id":"https:\/\/www.lovelldeco.fr\/bl\/2020\/04\/10\/renovation-projet-locatif-seduire-en-depensant-le-moins-possible\/#breadcrumb"},"inLanguage":"fr-FR","potentialAction":[{"@type":"ReadAction","target":["https:\/\/www.lovelldeco.fr\/bl\/2020\/04\/10\/renovation-projet-locatif-seduire-en-depensant-le-moins-possible\/"]}]},{"@type":"ImageObject","inLanguage":"fr-FR","@id":"https:\/\/www.lovelldeco.fr\/bl\/2020\/04\/10\/renovation-projet-locatif-seduire-en-depensant-le-moins-possible\/#primaryimage","url":"https:\/\/www.lovelldeco.fr\/bl\/wp-content\/uploads\/2019\/08\/IMG_20190816_150745.jpg","contentUrl":"https:\/\/www.lovelldeco.fr\/bl\/wp-content\/uploads\/2019\/08\/IMG_20190816_150745.jpg","width":3968,"height":2976},{"@type":"BreadcrumbList","@id":"https:\/\/www.lovelldeco.fr\/bl\/2020\/04\/10\/renovation-projet-locatif-seduire-en-depensant-le-moins-possible\/#breadcrumb","itemListElement":[{"@type":"ListItem","position":1,"name":"Accueil","item":"https:\/\/www.lovelldeco.fr\/bl\/"},{"@type":"ListItem","position":2,"name":"R\u00e9novation : projet locatif (s\u00e9duire en d\u00e9pensant le moins possible)"}]},{"@type":"WebSite","@id":"https:\/\/www.lovelldeco.fr\/bl\/#website","url":"https:\/\/www.lovelldeco.fr\/bl\/","name":"LOVELL D\u00e9co - Architecture d&#039;int\u00e9rieur et d\u00e9coration","description":"R\u00e9inventons votre int\u00e9rieur","potentialAction":[{"@type":"SearchAction","target":{"@type":"EntryPoint","urlTemplate":"https:\/\/www.lovelldeco.fr\/bl\/?s={search_term_string}"},"query-input":{"@type":"PropertyValueSpecification","valueRequired":true,"valueName":"search_term_string"}}],"inLanguage":"fr-FR"},{"@type":"Person","@id":"https:\/\/www.lovelldeco.fr\/bl\/#\/schema\/person\/39062999c940ea77282199682ae213f9","name":"lovell patricia","image":{"@type":"ImageObject","inLanguage":"fr-FR","@id":"https:\/\/www.lovelldeco.fr\/bl\/#\/schema\/person\/image\/","url":"https:\/\/secure.gravatar.com\/avatar\/8e4d260d910b5ea661282a3e535989037309b9eae7dddd11417f2c72f96a2364?s=96&d=mm&r=g","contentUrl":"https:\/\/secure.gravatar.com\/avatar\/8e4d260d910b5ea661282a3e535989037309b9eae7dddd11417f2c72f96a2364?s=96&d=mm&r=g","caption":"lovell patricia"},"description":"Patricia Lovell vous pr\u00e9sente ses prestations de d\u00e9coration et de home staging par le biais du site www.lovelldeco.fr. lovell patricia","sameAs":["http:\/\/www.lovelldeco.fr\/"],"url":"https:\/\/www.lovelldeco.fr\/bl\/author\/patyvell\/"}]}},"_links":{"self":[{"href":"https:\/\/www.lovelldeco.fr\/bl\/wp-json\/wp\/v2\/posts\/1313","targetHints":{"allow":["GET"]}}],"collection":[{"href":"https:\/\/www.lovelldeco.fr\/bl\/wp-json\/wp\/v2\/posts"}],"about":[{"href":"https:\/\/www.lovelldeco.fr\/bl\/wp-json\/wp\/v2\/types\/post"}],"author":[{"embeddable":true,"href":"https:\/\/www.lovelldeco.fr\/bl\/wp-json\/wp\/v2\/users\/1"}],"replies":[{"embeddable":true,"href":"https:\/\/www.lovelldeco.fr\/bl\/wp-json\/wp\/v2\/comments?post=1313"}],"version-history":[{"count":3,"href":"https:\/\/www.lovelldeco.fr\/bl\/wp-json\/wp\/v2\/posts\/1313\/revisions"}],"predecessor-version":[{"id":1396,"href":"https:\/\/www.lovelldeco.fr\/bl\/wp-json\/wp\/v2\/posts\/1313\/revisions\/1396"}],"wp:featuredmedia":[{"embeddable":true,"href":"https:\/\/www.lovelldeco.fr\/bl\/wp-json\/wp\/v2\/media\/1389"}],"wp:attachment":[{"href":"https:\/\/www.lovelldeco.fr\/bl\/wp-json\/wp\/v2\/media?parent=1313"}],"wp:term":[{"taxonomy":"category","embeddable":true,"href":"https:\/\/www.lovelldeco.fr\/bl\/wp-json\/wp\/v2\/categories?post=1313"},{"taxonomy":"post_tag","embeddable":true,"href":"https:\/\/www.lovelldeco.fr\/bl\/wp-json\/wp\/v2\/tags?post=1313"}],"curies":[{"name":"wp","href":"https:\/\/api.w.org\/{rel}","templated":true}]}}